{"id":19425,"date":"2012-10-07T02:59:27","date_gmt":"2012-10-07T02:59:27","guid":{"rendered":null},"modified":"-0001-11-30T00:00:00","modified_gmt":"-0001-11-30T00:00:00","slug":"queen-congratulates-proyecto-hombre-balearic-islands-for-his-work-in-the-25th-anniversary","status":"publish","type":"post","link":"https:\/\/www.best-dentist-dentistry.com\/de\/queen-congratulates-proyecto-hombre-balearic-islands-for-his-work-in-the-25th-anniversary\/19425","title":{"rendered":"queen congratulates proyecto hombre balearic islands for his work in the 25th anniversary"},"content":{"rendered":"<p class=\"first\"> Palma, 30 Aug (EFE).-K\u00f6nigin Sofia hat gratuliert Proyecto Hombre &rsquo; des Herzens &#8220;Balearen durch die Arbeit seit macht ein Viertel eines Jahrhunderts auf sein 25-j\u00e4hriges bestehen, die fand heute in was wird die neue Zentrale der Entit\u00e4t in Palma sein und was die Nachteile eines Sturms gekennzeichnet worden ist.<\/p>\n<p>The Queen hat darauf bestanden, zur Teilnahme an die Feier des Jubil\u00e4ums in neuen Installationen von Proyecto Hombre im Polygon sind Nase, w\u00e4hrend sich bereit, durch ausgesetzt werden der starke Sturm, der gefallen ist hat verursacht, dass Teilnehmer den Platz verlassen musste und das Soundsystem besch\u00e4digt.<\/p>\n<p>Trotz dieses Ereignisses hat Sof\u00eda ein paar Minuten auf dem Podium ein paar Worte sagen, die &#8220;von Herzen&#8221; gratulierte an diejenigen, die in der Institution, die Menschen mit Problemen Alkohol rehabilitiert hochgeladen und anderen Drogen durch &#8220;hohe ideale&#8221; des Projekts und die &#8220;so viel gutes&#8221; hat und weiterhin viele Menschen zur Verf\u00fcgung zu stellen.<\/p>\n<p>Hat dankte die \u00f6ffentlichen und privaten Institutionen, die die Organisation unterst\u00fctzen und hat sichergestellt, dass die Werke des neuen Hauptsitz &#8220;sind der Beweis f\u00fcr die Bedeutung des Engagements aller, die sie f\u00fcr das Projekt Mann Balearen weiterhin denjenigen helfen, die es am meisten ben\u00f6tigen&#8221;.<\/p>\n<p>In seiner kurzen Ansprache hat Sof\u00eda Zeugnisse von Benutzern sowie Familienmitglieder und die Arbeit von Fachleuten und Freiwilligen, die &#8220;Probe der Wirksamkeit sind&#8221; vorgestellten seiner Arbeit und &#8220;ein au\u00dferordentliches Beispiel f\u00fcr Engagement und \u00dcberwindung f\u00fcr alle&#8221;. &#8220;Herzlichen Gl\u00fcckwunsch f\u00fcr was Sie erreicht haben,&#8221; sagte.<\/p>\n<p>&#8220;Erhalten alle mehr Ermutigung und die besten W\u00fcnsche mit Nachdruck vorw\u00e4rts, weiter, weil ich bin sicher mir, die erwarten, dass sie Erfolg,&#8221; die K\u00f6nigin geschlossen.<\/p>\n<p>Sof\u00eda ist gekommen, um die Ausstattung von denen werden die neue Zentrale der Projekt-Mann eine halbe Stunde nachdem er abate den starken Sturm, der heute Nachmittag in Palma gel\u00f6scht und durch den Pr\u00e4sidenten der Regierung, Jos\u00e9 Ram\u00f3n Bauz\u00e1 und den wichtigsten Beh\u00f6rden der Balearen, die das Ereignis besucht haben eingegangen.<\/p>\n<p>Der Pr\u00e4sident des Projekts Mann Baleares, Tomeu Catal\u00e1, lehrt der K\u00f6nigin das Modell des neuen Geb\u00e4udes und hat gezeigt, die Werke, die bisher durchgef\u00fchrt wurden.<\/p>\n<p>W\u00e4hrend seiner Rede hat Catal\u00e0 <\/p>\n<p>dankte Dona Sofia ihre Unterst\u00fctzung und erz\u00e4hlte die Geschichte, die die K\u00f6nigin w\u00e4hrend des Sturms aufgerufen wurde. &#8220;Ich sagte ihr: Frau ist regnet viel, kommen nicht, aber keinesfalls hat mich gemacht und hier ist&#8221;.<\/p>\n<p>The Act wurden von etwa 1000 Menschen besucht und Freiwilligen und Familienmitglieder hatten Erfahrung in diesen 25 Jahren des Bestehens von Proyecto Hombre Baleares.<\/p>\n<p>&#8220;Wir sind \u00fcberzeugt, die aus der Droge kommen k\u00f6nnen und wir haben gezeigt&#8221;, wies Anweisungen Journalisten Catal\u00e1, wer darauf hingewiesen, dass das Projekt geht weiter, dank der Beteiligung der 800 Mitglieder, zu leben, jeden Monat bieten 5, 10 oder 20 Euro, und \u00f6ffentliche Institutionen und Unternehmen, die Zusammenarbeit mit ihnen.<\/p>\n<p>Der Gegend von 15.000 Quadratmetern des neuen Hauptsitzes der Mann Projekt erteilt der Stadtrat von Palma und den Kooperationsvertrag mit der Balearen-Regierung setzt.<\/p>\n","protected":false},"excerpt":{"rendered":"<p>Palma, 30 Aug (EFE).-K\u00f6nigin Sofia hat gratuliert Proyecto Hombre &rsquo; des Herzens &#8220;Balearen durch die Arbeit seit macht ein Viertel eines Jahrhunderts auf sein 25-j\u00e4hriges bestehen, die fand heute in was wird die neue Zentrale der Entit\u00e4t in Palma sein und was die Nachteile eines Sturms gekennzeichnet worden ist. The Queen hat darauf bestanden, zur [&hellip;]<\/p>\n","protected":false},"author":1,"featured_media":0,"comment_status":"close","ping_status":"open","sticky":false,"template":"","format":"standard","meta":{"footnotes":""},"categories":[3],"tags":[],"class_list":["post-19425","post","type-post","status-publish","format-standard","hentry","category-allgemeine","et-doesnt-have-format-content","et_post_format-et-post-format-standard"],"_links":{"self":[{"href":"https:\/\/www.best-dentist-dentistry.com\/de\/wp-json\/wp\/v2\/posts\/19425","targetHints":{"allow":["GET"]}}],"collection":[{"href":"https:\/\/www.best-dentist-dentistry.com\/de\/wp-json\/wp\/v2\/posts"}],"about":[{"href":"https:\/\/www.best-dentist-dentistry.com\/de\/wp-json\/wp\/v2\/types\/post"}],"author":[{"embeddable":true,"href":"https:\/\/www.best-dentist-dentistry.com\/de\/wp-json\/wp\/v2\/users\/1"}],"replies":[{"embeddable":true,"href":"https:\/\/www.best-dentist-dentistry.com\/de\/wp-json\/wp\/v2\/comments?post=19425"}],"version-history":[{"count":0,"href":"https:\/\/www.best-dentist-dentistry.com\/de\/wp-json\/wp\/v2\/posts\/19425\/revisions"}],"wp:attachment":[{"href":"https:\/\/www.best-dentist-dentistry.com\/de\/wp-json\/wp\/v2\/media?parent=19425"}],"wp:term":[{"taxonomy":"category","embeddable":true,"href":"https:\/\/www.best-dentist-dentistry.com\/de\/wp-json\/wp\/v2\/categories?post=19425"},{"taxonomy":"post_tag","embeddable":true,"href":"https:\/\/www.best-dentist-dentistry.com\/de\/wp-json\/wp\/v2\/tags?post=19425"}],"curies":[{"name":"wp","href":"https:\/\/api.w.org\/{rel}","templated":true}]}}