{"id":19487,"date":"2012-10-08T02:30:58","date_gmt":"2012-10-08T02:30:58","guid":{"rendered":null},"modified":"-0001-11-30T00:00:00","modified_gmt":"-0001-11-30T00:00:00","slug":"farmaindustria-regrets-the-new-attack-that-represents-the-rd-for-brand-name-for-the-generic-drugs","status":"publish","type":"post","link":"https:\/\/www.best-dentist-dentistry.com\/de\/farmaindustria-regrets-the-new-attack-that-represents-the-rd-for-brand-name-for-the-generic-drugs\/19487","title":{"rendered":"farmaindustria regrets the new attack that represents the rd for brand name for the generic drugs"},"content":{"rendered":"<p class=\"first\"> MADRID, 24 (EUROPA PRESS)<\/p>\n<p>Farmaindustria argumentieren, dass das <span class=\"yshortcuts\" id=\"lw_1335288414_5\"> Real Decreto<\/span>-Gesetz \u00fcber Ma\u00dfnahmen zur Sicherstellung der Nachhaltigkeit des <span class=\"yshortcuts\" id=\"lw_1335288414_0\"> \u00f6ffentlichen Gesundheitswesens<\/span>, ver\u00f6ffentlicht im Amtsblatt, Dienstag einen &#8220;neuen Angriff gegen Innovation&#8221; ist und vor allem gegen <span class=\"yshortcuts\" id=\"lw_1335288414_4\"> Drogen<\/span>-Marke &#8220;zu Gunsten&#8221; von Generika, auch bei gleicher Preis.<\/p>\n<p>Aber versteht, dass es notwendig, &#8220;weit reichende&#8221; Reformen im Gesundheitssystem, im aktuellen Kontext der Wirtschaftskrise zu nehmen, die die Zukunftsf\u00e4higkeit des nationalen Systems der Gesundheit (SNS), bedroht bedauert, dass &#8220;einmal mehr wird die Hauptlast von ihnen auf die pharmazeutische Industrie fallen &rsquo;.<\/p>\n<p>Des Arbeitgebers Pharma-argumentiert, dass dieses <span class=\"yshortcuts\" id=\"lw_1335288414_1\"> K\u00f6niglichen Erlass<\/span> sind ein Schnitt ohne Pr\u00e4zedenzfall in pharmazeutische Ausgaben und fordern von der Pharmaindustrie &#8220;eine gro\u00dfe Opfer&#8221;, wieder wird der Sektor, der seiner Ansicht nach &#8220;die meisten f\u00fcr die Tragf\u00e4higkeit der \u00f6ffentlichen Finanzen beitragen&#8221;.<\/p>\n<p>&#8220;Die <span class=\"yshortcuts\"id=\"lw_1335288414_6\"> Pharma-Unternehmen<\/span> in Spanien Gesicht, daher eine neue und harte Phase f\u00fcr die Entwicklung ihrer T\u00e4tigkeit&#8221;, von was Farmaindustria zu hoffen, dass die Entwicklung dieses neuen Standards in einem &#8220;transparenten, offenen und fairen Dialograhmen&#8221; erfolgt.<\/p>\n<p>-A-Mangel zu wissen, die endg\u00fcltige Entwicklung der neuen Gesetzgebung und damit die direkten Auswirkungen, die auf den Sektor haben wird, weil die Organisation ist es m\u00f6glich, wirtschaftlichen und haushaltspolitischen Nachhaltigkeit kombinieren reichende &#8220;Konsens&#8221; fordert alle B\u00fcrger Zugang zu neuen und besseren Behandlungen und Gesch\u00e4ft Stabilit\u00e4t, &#8220;die drei Grundpfeiler unseres Systems der \u00f6ffentlichen Gesundheit&#8221;, halten.<\/p>\n<p>In den letzten zwei Jahren und als Folge der RDL 4 und 8\/2010 und 9\/2011, Pharmaunternehmen haben gehabt zur Bew\u00e4ltigung der Auswirkungen in der N\u00e4he von 4 Milliarden Euro, das entspricht 30 Prozent seines Marktanteils.<\/p>\n<p>Der k\u00f6niglichen Erlass genehmigt stellt eine wichtige \u00c4nderung in der Finanzierung von Drogen durch die Einbeziehung einer Preismechanismus ausgew\u00e4hlt f\u00fcr Drogen unter Verweis und therapeutische Gruppen Preise, f\u00fcr den das Gesundheitsministerium einen H\u00f6chstpreis ermittelt der Finanzierung aus dem ist dieser Arzneimittel, die den H\u00f6chstpreis \u00fcberschreiten von Finanzierung durch das nationale Gesundheitssystem (in seiner Artikel 93 Bis) ausgeschlossen.<\/p>\n<p>Dar\u00fcber hinaus denken Sie daran, auch beeinflusst werden durch die \u00c4nderung im Modell der pharmazeutischen Selbstbeteiligung, posierte &#8220;verabschieden ein Mechanismus bereits vorhanden in Europa und wirkt sich sowohl Fundraising und abschreckend&#8221;; die Revision des Systems der Referenz-Preisen, die Aktualisierung des Vademecum durch die Desfinanciacion von Drogen f\u00fcr geringf\u00fcgige Symptome, oder die neuen Preiskonditionen unter Artikel 90, unter anderem von diesem unmittelbar beeintr\u00e4chtigen die Pharmaindustrie RDL.<\/p>\n","protected":false},"excerpt":{"rendered":"<p>MADRID, 24 (EUROPA PRESS) Farmaindustria argumentieren, dass das Real Decreto-Gesetz \u00fcber Ma\u00dfnahmen zur Sicherstellung der Nachhaltigkeit des \u00f6ffentlichen Gesundheitswesens, ver\u00f6ffentlicht im Amtsblatt, Dienstag einen &#8220;neuen Angriff gegen Innovation&#8221; ist und vor allem gegen Drogen-Marke &#8220;zu Gunsten&#8221; von Generika, auch bei gleicher Preis. Aber versteht, dass es notwendig, &#8220;weit reichende&#8221; Reformen im Gesundheitssystem, im aktuellen Kontext [&hellip;]<\/p>\n","protected":false},"author":1,"featured_media":0,"comment_status":"close","ping_status":"open","sticky":false,"template":"","format":"standard","meta":{"footnotes":""},"categories":[3],"tags":[],"class_list":["post-19487","post","type-post","status-publish","format-standard","hentry","category-allgemeine","et-doesnt-have-format-content","et_post_format-et-post-format-standard"],"_links":{"self":[{"href":"https:\/\/www.best-dentist-dentistry.com\/de\/wp-json\/wp\/v2\/posts\/19487","targetHints":{"allow":["GET"]}}],"collection":[{"href":"https:\/\/www.best-dentist-dentistry.com\/de\/wp-json\/wp\/v2\/posts"}],"about":[{"href":"https:\/\/www.best-dentist-dentistry.com\/de\/wp-json\/wp\/v2\/types\/post"}],"author":[{"embeddable":true,"href":"https:\/\/www.best-dentist-dentistry.com\/de\/wp-json\/wp\/v2\/users\/1"}],"replies":[{"embeddable":true,"href":"https:\/\/www.best-dentist-dentistry.com\/de\/wp-json\/wp\/v2\/comments?post=19487"}],"version-history":[{"count":0,"href":"https:\/\/www.best-dentist-dentistry.com\/de\/wp-json\/wp\/v2\/posts\/19487\/revisions"}],"wp:attachment":[{"href":"https:\/\/www.best-dentist-dentistry.com\/de\/wp-json\/wp\/v2\/media?parent=19487"}],"wp:term":[{"taxonomy":"category","embeddable":true,"href":"https:\/\/www.best-dentist-dentistry.com\/de\/wp-json\/wp\/v2\/categories?post=19487"},{"taxonomy":"post_tag","embeddable":true,"href":"https:\/\/www.best-dentist-dentistry.com\/de\/wp-json\/wp\/v2\/tags?post=19487"}],"curies":[{"name":"wp","href":"https:\/\/api.w.org\/{rel}","templated":true}]}}