{"id":19589,"date":"2012-10-08T03:30:11","date_gmt":"2012-10-08T03:30:11","guid":{"rendered":null},"modified":"-0001-11-30T00:00:00","modified_gmt":"-0001-11-30T00:00:00","slug":"the-economic-crisis-adversely-affects-the-mental-health-of-the-spaniards","status":"publish","type":"post","link":"https:\/\/www.best-dentist-dentistry.com\/de\/the-economic-crisis-adversely-affects-the-mental-health-of-the-spaniards\/19589","title":{"rendered":"Die Wirtschaftskrise wirkt sich negativ auf die psychische Gesundheit der Spanier."},"content":{"rendered":"<p><strong>Die Wirtschaftskrise beeintr\u00e4chtigt die psychische Gesundheit der Spanier. <\/p>\n<p><font size=\"2\"> XVI Nationalkongress der Psychiatrie. <br \/><\/strong> <br \/><font size=\"2\"> <br \/>-der weit verbreiteten Pessimismus und Unsicherheit in Situationen wie die Arbeitslosigkeit eine Erh\u00f6hung in einige Krankheiten wie Depression oder Angst verursacht <\/p>\n<p>-Spezialisten Starten von sprechen eine  Umgebung des Pessimismus &#8221;, Gesellschaft und Familien, schlecht f\u00fcr die psychische Gesundheit der Menschen <\/p>\n<p> &#8211; neben der wichtigen Auswirkungen auf die Gesundheit, diese Situation bewirkt eine Erh\u00f6hung der Kosten im Gesundheitswesen <\/p>\n<p> <strong>Bilbao, Oktober 2012.-<\/strong> w\u00e4hrend der Abschluss der 16. National Congress of Psychiatry, in Bilbao bis letzten Freitag, 28. September, etwa 2.000 Psychiater alle Spaniens, tagte hat festgestellt, dass die Wirtschaftskrise nicht nur die Taschen der B\u00fcrger betrifft, sondern auch ihre psychische Gesundheit. In diesem Sinne hat Dr. I\u00f1aki Eguiluz, Leiter der Psychiatrie an der Universit\u00e4tsklinik von kreuzen und Vizepr\u00e4sident des Organisationskomitees des Kongresses, in einer Pressekonferenz angedeutet  in vielen psychiatrischen Diensten beginnt bereits zu einen Anstieg der Zahl der Episoden von Angst und Depression zu bemerken, haben auf die Krise ausl\u00f6sen oder adjuvante &#8221;. <\/p>\n<p>Dr. Eguiluz hat darauf hingewiesen, dass den Verlust des Arbeitsplatzes  macht manche Menschen ohne vorherige Geschichte, aber dass sie anf\u00e4lliger sind f\u00fcr adaptive Episoden zu entwickeln und schnelles milde psychische Krankheiten &#8221;. <\/p>\n<p>Der Experte darauf hingewiesen, dass  in dieser H\u00e4ufigkeit erh\u00f6ht werden, kann weil die Wirtschaftskrise Prognosen zufolge werden Encrudecer in den autonomen Gemeinschaften kurzfristig &#8221;. <\/p>\n<p>  Der Anstieg der Arbeitslosigkeit, mit der entsprechenden Umsatzr\u00fcckgang, zusammen mit der Notwendigkeit zur Bew\u00e4ltigung von Zahlungen oder Eink\u00e4ufe unvermeidbar, bewirkt, dass bei vielen Menschen eine gro\u00dfe Spannung. Dieser Situation widerstanden eine Zeitlang eine Delle in der psychischen Gesundheit vieler Menschen machen kann &#8221;, bekannter Psychiater. <\/p>\n<p>Dr. Eguiluz wies ebenso \u00fcber die Auswirkungen, die diese Situation auf ihre entscheidenden Gebiet h\u00e4tte  sowohl in den Nahbereich, mit der Familie, allgemein, Auswirkungen auf Gesellschaft als Ganzes &#8221;. <\/p>\n<p>Tats\u00e4chlich Spezialisten zu sprechen beginnt eine  Umgebung des Pessimismus &#8221;, Gesellschaft und Familien, Umst\u00e4nde als  negativ auf die psychische Gesundheit der Menschen &#8221;. <\/p>\n<p>Die Zunahme der F\u00e4lle von Depression und Stress, verbunden mit der Krise,  hat auch eine Lesung aus der Sicht des Managements im Gesundheitswesen durch eine Erh\u00f6hung der Kosten. Dies leitet sich aus, z. B. ein Anstieg der H\u00e4ufigkeit von Konsultationen, eine Erh\u00f6hung der Ausgaben f\u00fcr Medikamente, eine Zunahme der indirekten Kosten und So weiter &#8221;. <\/p>\n<p><\/font><\/font><\/p>\n","protected":false},"excerpt":{"rendered":"<p>Die Wirtschaftskrise beeintr\u00e4chtigt die psychische Gesundheit der Spanier. XVI Nationalkongress der Psychiatrie. -der weit verbreiteten Pessimismus und Unsicherheit in Situationen wie die Arbeitslosigkeit eine Erh\u00f6hung in einige Krankheiten wie Depression oder Angst verursacht -Spezialisten Starten von sprechen eine Umgebung des Pessimismus &#8221;, Gesellschaft und Familien, schlecht f\u00fcr die psychische Gesundheit der Menschen &#8211; neben der [&hellip;]<\/p>\n","protected":false},"author":1,"featured_media":0,"comment_status":"close","ping_status":"open","sticky":false,"template":"","format":"standard","meta":{"footnotes":""},"categories":[3],"tags":[30616,30615],"class_list":["post-19589","post","type-post","status-publish","format-standard","hentry","category-allgemeine","tag-brxvi","tag-nachteilig","et-doesnt-have-format-content","et_post_format-et-post-format-standard"],"_links":{"self":[{"href":"https:\/\/www.best-dentist-dentistry.com\/de\/wp-json\/wp\/v2\/posts\/19589","targetHints":{"allow":["GET"]}}],"collection":[{"href":"https:\/\/www.best-dentist-dentistry.com\/de\/wp-json\/wp\/v2\/posts"}],"about":[{"href":"https:\/\/www.best-dentist-dentistry.com\/de\/wp-json\/wp\/v2\/types\/post"}],"author":[{"embeddable":true,"href":"https:\/\/www.best-dentist-dentistry.com\/de\/wp-json\/wp\/v2\/users\/1"}],"replies":[{"embeddable":true,"href":"https:\/\/www.best-dentist-dentistry.com\/de\/wp-json\/wp\/v2\/comments?post=19589"}],"version-history":[{"count":0,"href":"https:\/\/www.best-dentist-dentistry.com\/de\/wp-json\/wp\/v2\/posts\/19589\/revisions"}],"wp:attachment":[{"href":"https:\/\/www.best-dentist-dentistry.com\/de\/wp-json\/wp\/v2\/media?parent=19589"}],"wp:term":[{"taxonomy":"category","embeddable":true,"href":"https:\/\/www.best-dentist-dentistry.com\/de\/wp-json\/wp\/v2\/categories?post=19589"},{"taxonomy":"post_tag","embeddable":true,"href":"https:\/\/www.best-dentist-dentistry.com\/de\/wp-json\/wp\/v2\/tags?post=19589"}],"curies":[{"name":"wp","href":"https:\/\/api.w.org\/{rel}","templated":true}]}}