{"id":19701,"date":"2012-10-09T02:45:12","date_gmt":"2012-10-09T02:45:12","guid":{"rendered":null},"modified":"-0001-11-30T00:00:00","modified_gmt":"-0001-11-30T00:00:00","slug":"the-president-of-the-acn-calling-on-governments-greater-involvement-in-mental-health","status":"publish","type":"post","link":"https:\/\/www.best-dentist-dentistry.com\/de\/the-president-of-the-acn-calling-on-governments-greater-involvement-in-mental-health\/19701","title":{"rendered":"Der Pr\u00e4sident der ACN fordert st\u00e4rkere Einbeziehung der Regierungen in psychische Gesundheit"},"content":{"rendered":"<p class=\"first\"> SANTA CRUZ DE TENERIFE, 8 (EUROPA PRESS)<\/p>\n<p>Der Pr\u00e4sident der Asociaci\u00f3n Canaria der Neuropsychiatrie (ACN), Francisco Rodriguez Pulido, Freitag hat die Notwendigkeit f\u00fcr Regierungen, st\u00e4rkere Einbeziehung in die psychische Gesundheit, Schnitte und Privatisierung zu haben, &#8220;nicht die Bed\u00fcrfnissen der Bev\u00f6lkerung ber\u00fccksichtigt&#8221;, und sie sind &#8220;unzureichend&#8221;.<\/p>\n<p>So ausgestellt hat es in der XXV Kongress der psychischen Gesundheit der nationalen Agentur f\u00fcr Neuropsychiatrie (NEA), die gehalten wird in Adeje (Teneriffa) und wo morgen wird in formalen Mental Health Forum geboren und werden ver\u00f6ffentlicht der Erkl\u00e4rung Teneriffa.<\/p>\n<p>Francisco Rodriguez Pulido hat erkl\u00e4rt, dass diese Initiativen wollen &#8220;einer fr\u00fcheren und sp\u00e4teren&#8221; innerhalb der psychischen Gesundheit in Spanien und eine Anleitung zur Verteidigung eines Modells der psychischen Gesundheit &#8220;mehr Solidarit\u00e4t und in den Dienst der Gesellschaft als Ganzes&#8221;.<\/p>\n<p>Also, das Mental Health Forum entpuppt sich als eine Plattform und ein gemeinsamer Raum von verschiedenen Organisationen und Fachleute im psychischen, Patienten und Familien, Vereine, Hochschulen, unter anderen Gruppen gebildet. Ihr Ziel ist zu teilen, zu reflektieren und zu \u00e4u\u00dfern die Sorge, die vorhanden ist \u00fcber die aktuelle Situation der psychischen Gesundheit in Spanien. <\/p>\n<p>In diesem Zusammenhang die Einrichtung des Programms Forum sagt, dass &#8220;Schnitte und Privatisierung stellen ein Modell basierend nur auf Dienstleistungen f\u00fcr Krankheit, entschied im Voraus in der Pflege-Angebot und ohne Ber\u00fccksichtigung der Bed\u00fcrfnisse der Bev\u00f6lkerung, je nachdem, wer verwaltet und wo der Wettbewerb die Zusammenarbeit und den Markt Menschen ersetzt.&#8221; &#8220;Das Thema mit Geschichte, Werte und Rechte wurde ersetzt durch die Ware Mensch&#8221;.<\/p>\n<p>F\u00fcr Rodriguez Pulido, &#8220;steht auf dem Spiel steht des Modells der Gesellschaft, in der wir leben wollen&#8221;, das hei\u00dft, warum dieses Forum f\u00fcr Wetten &#8220;eine gerechtere Gesellschaft, wo herrschen die Werte der Solidarit\u00e4t, Kooperation, Engagement, Beteiligung, die es erm\u00f6glichen, die Rechte der gesamten Bev\u00f6lkerung zu befriedigen&#8221;.<\/p>\n<p>Erkl\u00e4rung von Teneriffa<\/p>\n<p>Derived aus der Verfassung der Forum der psychischen Gesundheit, XXV Kongress der NEA hat die Erkl\u00e4rung von Teneriffa, ein Grundsatzprogramm artikuliert in zehn Punkte, die ein Modell der psychischen Gesundheit Community highlights und partizipativen, erfordern die Unterst\u00fctzung der Verwaltungen, die Leben der Patienten und ihrer Familien zu verbessern ausgegeben.<\/p>\n<p>Diese Aussage basiert ebenfalls auf einem \u00f6ffentlichen Modell der Gesundheit, die auf alle ohne Ausgrenzung und nicht-Ursprung der vergleichenden unerlaubter Handlung zwischen Individuen und den autonomen Gemeinschaften zu besuchen, und Gemeinschaft \u00f6ffentliche Gesundheit unter Beteiligung von Fachleuten, Patienten und Familien in echte und effektive Weise, sowie durch die F\u00f6rderung der Pr\u00e4vention und Forschung bef\u00fcrwortet.<\/p>\n<p>So der zehnte und letzte Punkt der Erkl\u00e4rung von Teneriffa hat, dass &#8220;Unser Wunsch kooperieren als soziale Organisationen und B\u00fcrger soll die Regierungen zu verklagen und verantwortlich f\u00fcr die Umsetzung der Ma\u00dfnahmen erforderlich, um bessere Dienstleistungen in psychische Gesundheit, \u00f6ffentliche Bildung erhalten und f\u00f6rdern den Kampf gegen Stigmatisierung und Diskriminierung&#8221;.<\/p>\n","protected":false},"excerpt":{"rendered":"<p>SANTA CRUZ DE TENERIFE, 8 (EUROPA PRESS) Der Pr\u00e4sident der Asociaci\u00f3n Canaria der Neuropsychiatrie (ACN), Francisco Rodriguez Pulido, Freitag hat die Notwendigkeit f\u00fcr Regierungen, st\u00e4rkere Einbeziehung in die psychische Gesundheit, Schnitte und Privatisierung zu haben, &#8220;nicht die Bed\u00fcrfnissen der Bev\u00f6lkerung ber\u00fccksichtigt&#8221;, und sie sind &#8220;unzureichend&#8221;. So ausgestellt hat es in der XXV Kongress der psychischen [&hellip;]<\/p>\n","protected":false},"author":1,"featured_media":0,"comment_status":"close","ping_status":"open","sticky":false,"template":"","format":"standard","meta":{"footnotes":""},"categories":[3],"tags":[30724],"class_list":["post-19701","post","type-post","status-publish","format-standard","hentry","category-allgemeine","tag-bandscheibenvorfall","et-doesnt-have-format-content","et_post_format-et-post-format-standard"],"_links":{"self":[{"href":"https:\/\/www.best-dentist-dentistry.com\/de\/wp-json\/wp\/v2\/posts\/19701","targetHints":{"allow":["GET"]}}],"collection":[{"href":"https:\/\/www.best-dentist-dentistry.com\/de\/wp-json\/wp\/v2\/posts"}],"about":[{"href":"https:\/\/www.best-dentist-dentistry.com\/de\/wp-json\/wp\/v2\/types\/post"}],"author":[{"embeddable":true,"href":"https:\/\/www.best-dentist-dentistry.com\/de\/wp-json\/wp\/v2\/users\/1"}],"replies":[{"embeddable":true,"href":"https:\/\/www.best-dentist-dentistry.com\/de\/wp-json\/wp\/v2\/comments?post=19701"}],"version-history":[{"count":0,"href":"https:\/\/www.best-dentist-dentistry.com\/de\/wp-json\/wp\/v2\/posts\/19701\/revisions"}],"wp:attachment":[{"href":"https:\/\/www.best-dentist-dentistry.com\/de\/wp-json\/wp\/v2\/media?parent=19701"}],"wp:term":[{"taxonomy":"category","embeddable":true,"href":"https:\/\/www.best-dentist-dentistry.com\/de\/wp-json\/wp\/v2\/categories?post=19701"},{"taxonomy":"post_tag","embeddable":true,"href":"https:\/\/www.best-dentist-dentistry.com\/de\/wp-json\/wp\/v2\/tags?post=19701"}],"curies":[{"name":"wp","href":"https:\/\/api.w.org\/{rel}","templated":true}]}}