{"id":19766,"date":"2012-10-09T03:30:56","date_gmt":"2012-10-09T03:30:56","guid":{"rendered":null},"modified":"-0001-11-30T00:00:00","modified_gmt":"-0001-11-30T00:00:00","slug":"the-sepg-questioned-the-new-alzheimers-diagnostic-criteria","status":"publish","type":"post","link":"https:\/\/www.best-dentist-dentistry.com\/de\/the-sepg-questioned-the-new-alzheimers-diagnostic-criteria\/19766","title":{"rendered":"Die SEPG hinterfragt die neue Alzheimer Diagnosekriterien."},"content":{"rendered":"<p><strong>Der SEPG hinterfragt die neue Alzheimer-Diagnosekriterien. <\/p>\n<p><\/strong> <font size=\"2\">-Recela von ihrer N\u00fctzlichkeit und Wirksamkeit durch bestimmte negativen Auswirkungen zu pr\u00e4sentieren und zu hinterfragen sind bereit f\u00fcr den klinischen Gebrauch <\/p>\n<p>-National Congress of Psychiatry <\/p>\n<p> <strong><br \/> Santiago De Compostela Oktober 2012.-<\/strong> <font size=\"2\"> der Pr\u00e4sident der spanischen Gesellschaft des Psychogeriatrics (SEPG) und Leiter des Referats Psychogeriatrics das Krankenhaus von Santiago De Compostela (CHUS)Raimundo Mateos, hat \u00f6ffentlich in Frage gestellt die Durchlauf-Woche, die N\u00fctzlichkeit und Wirksamkeit der neuen Kriterien zur Fr\u00fcherkennung von National Institute on Aging und der Alzheimer\u00b4s Association (NIA-AA) f\u00fcr die Alzheimer-Krankheit im April 2011 in der renommierten Zeitschrift The Journal der Alzheimer Association ver\u00f6ffentlicht, und dass sie die NINCDS-ADRDA (Nationales Institut der neurologischen), 1984 abl\u00f6sen(, Kommunikative St\u00f6rungen und Schlaganfall-Alzheimer\u00b4s-Krankheit und verwandte Erkrankungen Association). <\/p>\n<p>Der Vertreter der Psicogeriatras &#8211; \u00c4rzte spezialisiert auf \u00e4ltere Personen Geisteskrankheit &#8211; \u00e4u\u00dferte Bedenken \u00fcber diese neuen Kriterien am Dienstag in der XVI Ausgabe der National Congress of Psychiatry in Bilbao Zweifel \u00fcber die wahre N\u00fctzlichkeit und Wirksamkeit dieser Technik und unter Hinweis auf die Diskussion, Kontroverse und Kontroversen, die von ihrer Ver\u00f6ffentlichung unter der wissenschaftlichen Gemeinschaft erzeugt statt und medizinische. <\/p>\n<p>Zur diagnose der Alzheimer-Krankheit, gegen diese neuen Kriterien, das Original erfordern das Vorhandensein von Demenz, dass es eine Art von Ged\u00e4chtnisverlust und Verschlechterung des Denkens, vor allem mit gen\u00fcgend Intensit\u00e4t gibt, t\u00e4gliche Aktivit\u00e4ten zu \u00e4ndern. <\/p>\n<p>Traditionelle Analysen basieren auch in erster Linie auf eine klinische Pr\u00fcfung des Arztes in Bezug auf die Symptome des Patienten, unter Ber\u00fccksichtigung der Angaben der Patient, Familie und Freunden und Test Cognostitivas und allgemeine neurologische Bewertung. Kurz gesagt, schaffen sie eine Diagnose m\u00f6glich und wahrscheinlich endg\u00fcltig, mit die gr\u00f6\u00dfte m\u00f6gliche Sicherheit. <\/p>\n<p align=\"center\"><img loading=\"lazy\" decoding=\"async\" title=\"\" height=\"338\" alt=\"\" src=\"http:\/\/www.best-dentist-dentistry.com\/best-dentist-images\/translateapiexception-ip-is-over-the-quota-id0934v2jsontranslate10f07398.jpg\" width=\"224\" align=\"baseline\" border=\"0\"\/><\/p>\n<p><em>Raimundo Mateos<\/em><\/p>\n<p>Los nuevos criterios de la NIA-AA por el contrario, utilizan el an&aacute;lisis del l&iacute;quido cefalorraqu&iacute;deo y test biomarcadores que miden cambios biol&oacute;gicos en el cerebro, asociados con el Alzheimer, que se supone, subyacen a los s&iacute;ntomas. <\/p>\n<p>Zur gleiche Zeit identifiziert drei Stadien der Erkrankung. Der erste beginnt f\u00fcr Speicherprobleme und Schwierigkeiten bei allt\u00e4glichen Aufgaben angezeigt werden. <\/p>\n<p>Daher f\u00fcr Mateos diese neuen Kriterien ist nicht g\u00fcltig da es derzeit unm\u00f6glich vorherzusagen, den Anteil der Menschen, die Demenz entwickeln wird oder viel weniger, wenn es sein wird. sie garantieren nicht, dass die G\u00fcltigkeit der Ergebnisse von Biomarkern ist eine Prognose, die Gewissheit oder nicht haben kann; ersetzt eine einzelne Diagnosekriterien-Gruppe von drei komplizierter; Sie erfordern, Ausbildung und training intensiver und wenig Betrieb; Es ber\u00fccksichtigt nicht die klinischen Daten des Patienten oder Bev\u00f6lkerung, demografische Daten oder Ihrer Umgebung; Es ist schwieriger zu implementieren, junge und alte und wenig klinische Dienstprogramm hat, weil es keine Behandlung empfiehlt. <\/p>\n<p>Au\u00dferdem f\u00fcgt er hinzu, sind diese Kriterien unklar, vage und sehr teuer, so seine Verwendung heutzutage praktisch undenkbar ist. <\/p>\n<p>Schlie\u00dflich die Mitteilung einer Diagnose pro Person, basierend auf diesen neuen Kriterien kann verursachen Angst und Depression sie und Familienmitglieder. Zur gleichen Zeit nicht um jede Behandlung herzustellen, lassen Sie den Patienten warten auf Ausl\u00f6sung einer Krankheit, die keine schlie\u00dflich auftreten. <\/p>\n<p>Laut Mateos, die Diagnose der Alzheimer Krankheit nur durch technische Kliniken erreicht werden kann und nur entstehen wenn die ersten Symptome der Krankheit, nicht vorher. <\/p>\n<p><\/font><\/font><\/p>\n","protected":false},"excerpt":{"rendered":"<p>Der SEPG hinterfragt die neue Alzheimer-Diagnosekriterien. -Recela von ihrer N\u00fctzlichkeit und Wirksamkeit durch bestimmte negativen Auswirkungen zu pr\u00e4sentieren und zu hinterfragen sind bereit f\u00fcr den klinischen Gebrauch -National Congress of Psychiatry Santiago De Compostela Oktober 2012.- der Pr\u00e4sident der spanischen Gesellschaft des Psychogeriatrics (SEPG) und Leiter des Referats Psychogeriatrics das Krankenhaus von Santiago De Compostela [&hellip;]<\/p>\n","protected":false},"author":1,"featured_media":0,"comment_status":"close","ping_status":"open","sticky":false,"template":"","format":"standard","meta":{"footnotes":""},"categories":[3],"tags":[30796,30795],"class_list":["post-19766","post","type-post","status-publish","format-standard","hentry","category-allgemeine","tag-alzheimer-diagnosekriterien","tag-lam","et-doesnt-have-format-content","et_post_format-et-post-format-standard"],"_links":{"self":[{"href":"https:\/\/www.best-dentist-dentistry.com\/de\/wp-json\/wp\/v2\/posts\/19766","targetHints":{"allow":["GET"]}}],"collection":[{"href":"https:\/\/www.best-dentist-dentistry.com\/de\/wp-json\/wp\/v2\/posts"}],"about":[{"href":"https:\/\/www.best-dentist-dentistry.com\/de\/wp-json\/wp\/v2\/types\/post"}],"author":[{"embeddable":true,"href":"https:\/\/www.best-dentist-dentistry.com\/de\/wp-json\/wp\/v2\/users\/1"}],"replies":[{"embeddable":true,"href":"https:\/\/www.best-dentist-dentistry.com\/de\/wp-json\/wp\/v2\/comments?post=19766"}],"version-history":[{"count":0,"href":"https:\/\/www.best-dentist-dentistry.com\/de\/wp-json\/wp\/v2\/posts\/19766\/revisions"}],"wp:attachment":[{"href":"https:\/\/www.best-dentist-dentistry.com\/de\/wp-json\/wp\/v2\/media?parent=19766"}],"wp:term":[{"taxonomy":"category","embeddable":true,"href":"https:\/\/www.best-dentist-dentistry.com\/de\/wp-json\/wp\/v2\/categories?post=19766"},{"taxonomy":"post_tag","embeddable":true,"href":"https:\/\/www.best-dentist-dentistry.com\/de\/wp-json\/wp\/v2\/tags?post=19766"}],"curies":[{"name":"wp","href":"https:\/\/api.w.org\/{rel}","templated":true}]}}