{"id":19791,"date":"2012-10-10T02:26:04","date_gmt":"2012-10-10T02:26:04","guid":{"rendered":null},"modified":"-0001-11-30T00:00:00","modified_gmt":"-0001-11-30T00:00:00","slug":"venezuelan-chavez-raises-minimum-wage-part-to-cuba","status":"publish","type":"post","link":"https:\/\/www.best-dentist-dentistry.com\/de\/venezuelan-chavez-raises-minimum-wage-part-to-cuba\/19791","title":{"rendered":"venezuelan chavez raises minimum wage part to cuba"},"content":{"rendered":"<p class=\"first\"> CARACAS (Reuters) &#8211; venezolanischen Pr\u00e4sidenten Hugo Ch\u00e1vez erh\u00f6ht Mindestlohn von 32,25 Prozent, sechs Monate nach der Pr\u00e4sidentschaftswahl in dem soll f\u00fcr eine neue Samstag wiedergew\u00e4hlt werden.<\/p>\n<p>Des Milit\u00e4rs aus 57 Jahre entfernt k\u00fcndigte die Zunahme Momente vor der Reise nach Kuba f\u00fcr den dritten Zyklus der Strahlentherapie zur Bek\u00e4mpfung von Krebs, die leidet und dass in Frage stellt ihrer k\u00f6rperlichen Leistungsf\u00e4higkeit, den Wahlkampf angesichts der Wahlen vom 7. Oktober zu konfrontieren.<\/p>\n<p>&#8220;Ich m\u00f6chte eine Mitteilung vor der Abreise (&#8230;) machen&#8221; <\/p>\n<p> f\u00fcr Kuba. &#8220;Vom 1. Mai machen wir eine Steigerung, die insgesamt 32,25 Prozent des Mindestlohns, werden&#8221; Chavez sagte bei einem Treffen mit Ministern in Kette von Radio und Fernsehen.<\/p>\n<p>Der Herrscher erkl\u00e4rt, dass es 15 Prozent zum 1. Mai und 15 weitere Prozent ab 1. September erh\u00f6hen wird.<\/p>\n<p>&#8220;Einer sagte 30 Prozent, aber gebe eigentlich 32,25 Prozent der Nettozuwachs,&#8221; sagte.<\/p>\n<p>Der Anstieg ist f\u00fcr dieses Jahr, die zwischen 20 und 22 Prozent ist h\u00f6her als das Inflationsziel.<\/p>\n<p>Nach der Ank\u00fcndigung, begann der Pr\u00e4sident Reise nach Kuba, die drei Operationen unterzogen hat, da es im Juni letzten Jahres entdeckt wurde ein Krebsgeschw\u00fcr der Gr\u00f6\u00dfe eines Baseballs im Beckenbereich.<\/p>\n<p>Am Donnerstag in einer Eucharistie f\u00fcr seine Gesundheit, Chavez bat Jesus ihn Leben zu lassen und weinte.<\/p>\n<p>(Herausgegeben von Patricio Abusleme)<\/p>\n","protected":false},"excerpt":{"rendered":"<p>CARACAS (Reuters) &#8211; venezolanischen Pr\u00e4sidenten Hugo Ch\u00e1vez erh\u00f6ht Mindestlohn von 32,25 Prozent, sechs Monate nach der Pr\u00e4sidentschaftswahl in dem soll f\u00fcr eine neue Samstag wiedergew\u00e4hlt werden. Des Milit\u00e4rs aus 57 Jahre entfernt k\u00fcndigte die Zunahme Momente vor der Reise nach Kuba f\u00fcr den dritten Zyklus der Strahlentherapie zur Bek\u00e4mpfung von Krebs, die leidet und dass [&hellip;]<\/p>\n","protected":false},"author":1,"featured_media":0,"comment_status":"close","ping_status":"open","sticky":false,"template":"","format":"standard","meta":{"footnotes":""},"categories":[3],"tags":[],"class_list":["post-19791","post","type-post","status-publish","format-standard","hentry","category-allgemeine","et-doesnt-have-format-content","et_post_format-et-post-format-standard"],"_links":{"self":[{"href":"https:\/\/www.best-dentist-dentistry.com\/de\/wp-json\/wp\/v2\/posts\/19791","targetHints":{"allow":["GET"]}}],"collection":[{"href":"https:\/\/www.best-dentist-dentistry.com\/de\/wp-json\/wp\/v2\/posts"}],"about":[{"href":"https:\/\/www.best-dentist-dentistry.com\/de\/wp-json\/wp\/v2\/types\/post"}],"author":[{"embeddable":true,"href":"https:\/\/www.best-dentist-dentistry.com\/de\/wp-json\/wp\/v2\/users\/1"}],"replies":[{"embeddable":true,"href":"https:\/\/www.best-dentist-dentistry.com\/de\/wp-json\/wp\/v2\/comments?post=19791"}],"version-history":[{"count":0,"href":"https:\/\/www.best-dentist-dentistry.com\/de\/wp-json\/wp\/v2\/posts\/19791\/revisions"}],"wp:attachment":[{"href":"https:\/\/www.best-dentist-dentistry.com\/de\/wp-json\/wp\/v2\/media?parent=19791"}],"wp:term":[{"taxonomy":"category","embeddable":true,"href":"https:\/\/www.best-dentist-dentistry.com\/de\/wp-json\/wp\/v2\/categories?post=19791"},{"taxonomy":"post_tag","embeddable":true,"href":"https:\/\/www.best-dentist-dentistry.com\/de\/wp-json\/wp\/v2\/tags?post=19791"}],"curies":[{"name":"wp","href":"https:\/\/api.w.org\/{rel}","templated":true}]}}