{"id":19849,"date":"2012-10-10T02:43:50","date_gmt":"2012-10-10T02:43:50","guid":{"rendered":null},"modified":"-0001-11-30T00:00:00","modified_gmt":"-0001-11-30T00:00:00","slug":"the-colombian-vice-president-is-hospitalized-preventively","status":"publish","type":"post","link":"https:\/\/www.best-dentist-dentistry.com\/de\/the-colombian-vice-president-is-hospitalized-preventively\/19849","title":{"rendered":"Der kolumbianische Vice President ist pr\u00e4ventiv ins Krankenhaus eingeliefert"},"content":{"rendered":"<p class=\"first\"> Bogota, 15 jun (EFE).-der kolumbianische Vizepr\u00e4sident Angelino Garzon, ist seit Donnerstag in Bogota hospitalisiert, &#8220;pr\u00e4ventiv&#8221; und &#8220;Routineuntersuchungen&#8221;, ausgesetzt sein, sagte sein Amt in einer Erkl\u00e4rung, unterzeichnet von demselben hohen Amt.<\/p>\n<p>&#8220;The Vice President Angelino Garzon ber\u00e4t \u00f6ffentliche Meinung sobald Sie ge\u00fcbte Routine bei der Reina Sof\u00eda klinischen Pr\u00fcfungen waren, f\u00fcr Gesundheit, die Gr\u00fcnde, die Sie im Krankenhaus sind von gestern und es sehr wahrscheinlich werden bis zum n\u00e4chsten Sonntag, sein&#8221; wird der Text von Abs\u00e4tzen 1 und 2.<\/p>\n<p>F\u00fcgt hinzu, dass die Hospitalisierung und Pr\u00fcfungen wurden &rsquo;proaktiv und ohne das bisher \u00c4rzte warnen alle ernsthaften Zustand&rsquo;.<\/p>\n<p>Garzon versprochen, &#8220;Bericht \u00fcber die Entwicklung seiner Rekonvaleszenz wird&#8221;.<\/p>\n<p>Der hohe kolumbianische Beamte <\/p>\n<p>musste ins Krankenhaus eingeliefert werden, am 9. August 2010, zwei Tage nach seinem Amtsantritt zusammen mit Pr\u00e4sident Juan Manuel Santos, ein Herzleiden zu leiden hatte eine Behinderung f\u00fcr mehrere Wochen und seit dann m\u00fcssen regelm\u00e4\u00dfige Kontrollen unterzogen. EFE<\/p>\n","protected":false},"excerpt":{"rendered":"<p>Bogota, 15 jun (EFE).-der kolumbianische Vizepr\u00e4sident Angelino Garzon, ist seit Donnerstag in Bogota hospitalisiert, &#8220;pr\u00e4ventiv&#8221; und &#8220;Routineuntersuchungen&#8221;, ausgesetzt sein, sagte sein Amt in einer Erkl\u00e4rung, unterzeichnet von demselben hohen Amt. &#8220;The Vice President Angelino Garzon ber\u00e4t \u00f6ffentliche Meinung sobald Sie ge\u00fcbte Routine bei der Reina Sof\u00eda klinischen Pr\u00fcfungen waren, f\u00fcr Gesundheit, die Gr\u00fcnde, die Sie [&hellip;]<\/p>\n","protected":false},"author":1,"featured_media":0,"comment_status":"close","ping_status":"open","sticky":false,"template":"","format":"standard","meta":{"footnotes":""},"categories":[3],"tags":[30861],"class_list":["post-19849","post","type-post","status-publish","format-standard","hentry","category-allgemeine","tag-berempfindlich","et-doesnt-have-format-content","et_post_format-et-post-format-standard"],"_links":{"self":[{"href":"https:\/\/www.best-dentist-dentistry.com\/de\/wp-json\/wp\/v2\/posts\/19849","targetHints":{"allow":["GET"]}}],"collection":[{"href":"https:\/\/www.best-dentist-dentistry.com\/de\/wp-json\/wp\/v2\/posts"}],"about":[{"href":"https:\/\/www.best-dentist-dentistry.com\/de\/wp-json\/wp\/v2\/types\/post"}],"author":[{"embeddable":true,"href":"https:\/\/www.best-dentist-dentistry.com\/de\/wp-json\/wp\/v2\/users\/1"}],"replies":[{"embeddable":true,"href":"https:\/\/www.best-dentist-dentistry.com\/de\/wp-json\/wp\/v2\/comments?post=19849"}],"version-history":[{"count":0,"href":"https:\/\/www.best-dentist-dentistry.com\/de\/wp-json\/wp\/v2\/posts\/19849\/revisions"}],"wp:attachment":[{"href":"https:\/\/www.best-dentist-dentistry.com\/de\/wp-json\/wp\/v2\/media?parent=19849"}],"wp:term":[{"taxonomy":"category","embeddable":true,"href":"https:\/\/www.best-dentist-dentistry.com\/de\/wp-json\/wp\/v2\/categories?post=19849"},{"taxonomy":"post_tag","embeddable":true,"href":"https:\/\/www.best-dentist-dentistry.com\/de\/wp-json\/wp\/v2\/tags?post=19849"}],"curies":[{"name":"wp","href":"https:\/\/api.w.org\/{rel}","templated":true}]}}