{"id":19909,"date":"2012-10-11T02:22:50","date_gmt":"2012-10-11T02:22:50","guid":{"rendered":null},"modified":"-0001-11-30T00:00:00","modified_gmt":"-0001-11-30T00:00:00","slug":"pope-seeks-to-deepen-faith-and-change-in-socialist-cuba","status":"publish","type":"post","link":"https:\/\/www.best-dentist-dentistry.com\/de\/pope-seeks-to-deepen-faith-and-change-in-socialist-cuba\/19909","title":{"rendered":"pope seeks to deepen faith and change in socialist cuba"},"content":{"rendered":"<p class=\"first\"> SANTIAGO DE CUBA (Reuters) &#8211; Papst Benedict XVI kommen am Montag nach Kuba f\u00fcr einen Besuch von drei Tagen, die mit Pr\u00e4sident Ra\u00fal Castro zur St\u00e4rkung der Bande zwischen den beiden Institutionen des Landes, trotz seiner Ansichten, die sich gegen das sozialistische Modell auf der Insel seit mehr als f\u00fcnf Jahrzehnten bestehende einflussreichsten gerecht werden.<\/p>\n<p>Zehntausende Kubaner sind eingeschrieben in Santiago De Cuba, bietet einen freudigen Empfang f\u00fcr den deutschen Pontifex, wer in seinen 84 Jahren eine kleine Tour der Region zur Wiederbelebung des katholischen Glaubens gegen wachsende Knopfdruck beliebte Protestant, als Evangelisten und Pfingstler Glaubensrichtungen eingeschlagen.<\/p>\n<p>Seit die historische Begegnung zwischen dem sp\u00e4ten Juan Pablo II und ehemaliger Pr\u00e4sident Fidel Castro im Jahr 1998, der katholischen Kirche ist Hauptpartner der Regierung in Sachen als empfindlich als politische Gefangene und Dissidenten-Gruppen geworden.<\/p>\n<p>Mit weniger Magnetismus-Medien, die ihre jeweiligen Vorg\u00e4nger, Ra\u00fal Castro und Benedicto XVI sind als pragmatischer F\u00fchrer gesehen und konnte die Begegnung Zement ein Schl\u00fcssel Alliance Wenn Havanna Unterst\u00fctzung die Wirtschaft sucht ohne Verzicht auf seine sozialistischen Ideologie und die Kirche zu aktualisieren versucht jedoch, ein gr\u00f6\u00dferes soziales Gewicht durch soziale und p\u00e4dagogische Programme haben.<\/p>\n<p>&#8220;der Besuch von Benedikt etwas Bedeutsames,&#8221; sagte Ver\u00f3nica S\u00e1nchez, ein mexikanischer Student, der nicht die Handlungen in Ihrem Land teilnehmen konnte, aber man sp\u00fcrt in Kuba den Aufenthalt der Papst. &#8220;Eigentlich Juan Pablo II war ein Papst sehr charismatisch und beliebt, obwohl ich nicht Vergleiche gerne&#8221;, f\u00fcgte er hinzu.<\/p>\n<p>Der Heilige Vater wird durch den Pr\u00e4sidenten am Flughafen in Santiago, nach einem Besuch in dem er gebeten, den Glauben trotz der dramatischen Gewalt des Drogenhandels, erneuern empfangen aber er vermied eingeben die umstrittene F\u00e4lle von P\u00e4dophilie in das zweite Land mit mehr Katholiken in der Welt in Mexiko.<\/p>\n<p>Apertrechados mit Flaschen Wasser zu unterdr\u00fccken, die dr\u00fcckende Hitze der Karibik und winken kleine Flaggen von Kuba und der Vatikan, einige 200.000 Leute besuchte am Nachmittag auf die Masse der Pontifex in die zweitgr\u00f6\u00dfte Stadt der Insel dienen wird.<\/p>\n<p>F\u00fcr Dienstag, der Papst wird zollen der Virgen De La Caridad in das nahe gelegene Heiligtum von El Cobre, wo ruht das mythische Bild des kubanischen Schutzheiligen, die 400 Jahre seiner Entdeckung von Fischern auf See feiert. Am Nachmittag fliegen nach Havanna formell Treffen mit Raul.<\/p>\n<p>Es ist unklar, ob Benedicto auch gerecht wird, mit Fidel, 85 Jahre alt, oder mit dem venezolanischen Pr\u00e4sidenten Hugo Ch\u00e1vez, der ist in Kuba in der Strahlentherapie um den Krebs zu bek\u00e4mpfen, die letztes Jahr diagnostiziert wurde.<\/p>\n<p>Kein Kommunismus, kein EMBARGO<\/p>\n<p>Den Besuch des Papstes Benedicto XVI Krone ein s\u00fc\u00dfer Moment zwischen der Kirche und der Regierung, der Jahrzehnte der Feindseligkeiten nach dem Triumph der Revolution 1959 lebte, obwohl es einer vorderen Anweisung gegen den Kommunismus vorangestellt wird.<\/p>\n<p>&#8220;die marxistische Ideologie in der Form, in dem es, bereits konzipiert wurde, Realit\u00e4t entspricht nicht&#8221;, sagte die Woche an Bord der P\u00e4pstlichen Maschine auf seinem Weg zum &#8220;sollte Lateinamerika. neue Modelle mit Geduld und in konstruktiver Weise gefunden werden&#8221;, hinzugef\u00fcgt den Papst behauptet, dass die Kirche auf diese Weise helfen kann.<\/p>\n<p>Die Regierung treibt Hunderte von Reformen zu geben mehr Raum f\u00fcr privates Unternehmertum und die geschwollene Zustand-Abrechnung, die Erwartungen und \u00c4ngste im Land der 11 Millionen Einwohner, daran gew\u00f6hnt, jahrzehntelanger sowjetischem wirtschaftlichen Zentralismus erzeugt hat erheblich zu erleichtern.<\/p>\n<p>&#8220;die Kubaner, die wir m\u00f6chten, dass der Besuch des Papstes hatte Auswirkungen auf das Ende der Blockade, sondern ein neues System, brauchen wir nicht&#8221;, sagte Sergio Teyes, ein Mann von 40 Jahren in der N\u00e4he von seinem Chevrolet Deluxe 1950 in dem normalerweise Touristen zum Spaziergang durch die Stadt bef\u00f6rdert.<\/p>\n<p>Trotz Kritik des Kommunismus lehnt der Vatikan auch offen das Embargo verh\u00e4ngt USA gegen Kuba 50 Jahre.<\/p>\n<p>Auf der anderen Seite Benedicto XVI haben auf ihrer Tagesordnung erh\u00e4lt keine Dissidenten F\u00fchrer, die eine Minute mit dem Papst zu fordern, mehr politische Freiheit und Menschenrechte gefordert hatte.<\/p>\n<p>Die Damen in wei\u00df, eine Gruppe von katholischen Frauen fordern die Freilassung von politischen Gefangenen, sagte, dass die Beh\u00f6rden dem Heiligen Vater ein Kuba zeigen &#8220;die existiert nicht&#8221;, und stellen Sie sicher, dass sie ihnen w\u00e4hrend der Messe des Papstes manifestiert verboten haben.<\/p>\n<p>&#8220;Ich wartete auf mehreren Partnern in der Zentrum von Santiago aber nie angekommen.&#8221; &#8220;Offenbar verhaftet, um den Protest zu vereiteln, die wir f\u00fcr den Besuch des Papstes hier geplant hatten&#8221;, sagte Aime\u00e9 Garc\u00e9s, ein Dissident in Santiago, dessen Forderung nicht durch andere Quellen best\u00e4tigt werden konnte.<\/p>\n<p>Nails 30 Frauen in dieser Gruppe wurden Sonntag, als jede Woche f\u00fcr acht Jahre in einer bekannten Avenue von Havanna in der Mitte ein gro\u00dfes Medienecho, sobald die Verhaftung letzte Woche von mehreren von ihnen wund \u00c4ngste der Konflikt w\u00e4hrend der P\u00e4pstlichen ging besuchen.<\/p>\n<p>(Herausgegeben von Enrique Andres Pretel und Silene Ramirez)<\/p>\n","protected":false},"excerpt":{"rendered":"<p>SANTIAGO DE CUBA (Reuters) &#8211; Papst Benedict XVI kommen am Montag nach Kuba f\u00fcr einen Besuch von drei Tagen, die mit Pr\u00e4sident Ra\u00fal Castro zur St\u00e4rkung der Bande zwischen den beiden Institutionen des Landes, trotz seiner Ansichten, die sich gegen das sozialistische Modell auf der Insel seit mehr als f\u00fcnf Jahrzehnten bestehende einflussreichsten gerecht werden. [&hellip;]<\/p>\n","protected":false},"author":1,"featured_media":0,"comment_status":"close","ping_status":"open","sticky":false,"template":"","format":"standard","meta":{"footnotes":""},"categories":[3],"tags":[30920],"class_list":["post-19909","post","type-post","status-publish","format-standard","hentry","category-allgemeine","tag-verbraucht","et-doesnt-have-format-content","et_post_format-et-post-format-standard"],"_links":{"self":[{"href":"https:\/\/www.best-dentist-dentistry.com\/de\/wp-json\/wp\/v2\/posts\/19909","targetHints":{"allow":["GET"]}}],"collection":[{"href":"https:\/\/www.best-dentist-dentistry.com\/de\/wp-json\/wp\/v2\/posts"}],"about":[{"href":"https:\/\/www.best-dentist-dentistry.com\/de\/wp-json\/wp\/v2\/types\/post"}],"author":[{"embeddable":true,"href":"https:\/\/www.best-dentist-dentistry.com\/de\/wp-json\/wp\/v2\/users\/1"}],"replies":[{"embeddable":true,"href":"https:\/\/www.best-dentist-dentistry.com\/de\/wp-json\/wp\/v2\/comments?post=19909"}],"version-history":[{"count":0,"href":"https:\/\/www.best-dentist-dentistry.com\/de\/wp-json\/wp\/v2\/posts\/19909\/revisions"}],"wp:attachment":[{"href":"https:\/\/www.best-dentist-dentistry.com\/de\/wp-json\/wp\/v2\/media?parent=19909"}],"wp:term":[{"taxonomy":"category","embeddable":true,"href":"https:\/\/www.best-dentist-dentistry.com\/de\/wp-json\/wp\/v2\/categories?post=19909"},{"taxonomy":"post_tag","embeddable":true,"href":"https:\/\/www.best-dentist-dentistry.com\/de\/wp-json\/wp\/v2\/tags?post=19909"}],"curies":[{"name":"wp","href":"https:\/\/api.w.org\/{rel}","templated":true}]}}