{"id":19913,"date":"2012-10-11T02:23:12","date_gmt":"2012-10-11T02:23:12","guid":{"rendered":null},"modified":"-0001-11-30T00:00:00","modified_gmt":"-0001-11-30T00:00:00","slug":"a-new-healthcare-consultation-will-teach-to-treat-the-affected-35000-of-respiratory-diseases","status":"publish","type":"post","link":"https:\/\/www.best-dentist-dentistry.com\/de\/a-new-healthcare-consultation-will-teach-to-treat-the-affected-35000-of-respiratory-diseases\/19913","title":{"rendered":"a new healthcare consultation will teach to treat the affected 35000 of respiratory diseases"},"content":{"rendered":"<p class=\"first\"> <span class=\"yshortcuts\" id=\"lw_1332854414_0\"> VALENCIA<\/span>, 27 (<span class=\"yshortcuts\" id=\"lw_1332854414_1\"> EUROPA PRESS<\/span>)<\/p>\n<p>Die 35.000 von <span class=\"yshortcuts\" id=\"lw_1332854414_2\"> Atemwegserkrankungen<\/span> Valencia betroffen haben eine neue Abfrage, die <span class=\"yshortcuts\" id=\"lw_1332854414_3\"> Orange<\/span> zu zeigen, die sie \u00fcber die <span class=\"yshortcuts\" id=\"lw_1332854414_4\"> Pathologie<\/span> unterrichtet, sie wird zur Verbesserung ihrer Behandlung gelehrt werden und l\u00f6st sie technische <span class=\"yshortcuts\" id=\"lw_1332854414_5\"> Fragen<\/span> zu <span class=\"yshortcuts\" id=\"lw_1332854414_6\"> Sauerstofftherapie<\/span>-Ger\u00e4te, die in ihren H\u00e4usern installiert.<\/p>\n<p>Der Minister f\u00fcr <span class=\"yshortcuts\" id=\"lw_1332854414_7\"> Gesundheit<\/span>, <span class=\"yshortcuts\" id=\"lw_1332854414_8\"> Luis Rosado<\/span>, begleitet von der Stadtr\u00e4tin f\u00fcr Gesundheit, Lourdes Bernal und dem Generaldirektor der VitalAire auf der Iberischen Halbinsel, Philippe Lecerf, Dienstag dieser Abfrage ge\u00f6ffnet haben, die Patienten aus Krankenh\u00e4usern im Glauben dienen wird, den Kliniker, der Peset, der General, der Arnau und Manises.<\/p>\n<p>Rosado erkl\u00e4rte, dass in diesem Zentrum befindet sich in der Allee des alten K\u00f6nigreichs Valencia, verw\u00f6hnen wir mit Menschen mit einer chronischen Atemwegserkrankungen erfordern &#8220;der Knechtschaft eine Sauerstofftherapie Form in allen seinen Formen&#8221; und du haben musst &#8220;eine regelm\u00e4\u00dfige Inspektion der Behandlung erhalten sie, sowie umfassende Informationen wie regul\u00e4re Sie Behandlung besitzen&#8221;.<\/p>\n<p>Insbesondere Erkrankungen der Atemwege von Physiotherapeuten und Krankenschwestern in dieser Klinik behandelt werden werden zystische Apnoe des Traums, die Krankheit chronisch obstruktive pulmonale (COPD), Fibrose, sowie einschr\u00e4nkende Krankheiten unter anderem. Die Behandlungen angeboten VitalAire Patienten mit Atemwegserkrankungen sind, Sauerstofftherapie, Aerosoltherapie, Verwaltung von Sekreten, Bel\u00fcftung und \u00dcberwachung.  <\/p>\n<p>Die Abfrage ist in drei Bereiche unterteilt: eine medizinische Beratung zur Behandlung von Schlaf, eine medizinische Abfrage f\u00fcr die Anpassung des Sauerstoffes der Gehf\u00e4higkeit und ein Konferenzraum f\u00fcr Schulungen in Atemwege Therapien von Patienten-W\u00e4chter, in denen zum Beispiel wenn sie Beschwerden der Atemwege bei einem Bett f\u00fchlen, sie unterrichtet werden, zu \u00fcberwinden.<\/p>\n<p>Pink hervorgehoben, dass Sie es etwas mehr, so dass Patienten &#8220;Verwalter der eigenen Krankheiten&#8221; und &#8220;wissen, wie man helfen&#8221;. Sie sind auch mit den Pulmonologists aus der Region Valencia-Agentur der Gesundheit (AVS) koordiniert. <\/p>\n<p>So der Direktor der VitalAire, Philippe Lecerf, hat darauf hingewiesen, dass dieses Zentrum soll &#8220;sch\u00fctzen Patienten und verhindern m\u00f6gliche akute Episoden oder potenziellen Einnahmen,&#8221; was &#8220;bedeutet effizienter managen und das Gesundheitssystem durch Reduzierung der Hospitalisierungen nachhaltiger zu machen&#8221;.<\/p>\n<p>Rosado hat darauf hingewiesen, dass diese Klinik geh\u00f6rt das aktuelle Konzert, das bei der Behandlung von Sauerstoff innerhalb der Provinz Valencia und VitalAire, vorhanden ist, w\u00e4hrend in Castell\u00f3n und Alicante Konzert andere kommerzielle H\u00e4user gew\u00e4hrt wird.<\/p>\n","protected":false},"excerpt":{"rendered":"<p>VALENCIA, 27 ( EUROPA PRESS) Die 35.000 von Atemwegserkrankungen Valencia betroffen haben eine neue Abfrage, die Orange zu zeigen, die sie \u00fcber die Pathologie unterrichtet, sie wird zur Verbesserung ihrer Behandlung gelehrt werden und l\u00f6st sie technische Fragen zu Sauerstofftherapie-Ger\u00e4te, die in ihren H\u00e4usern installiert. Der Minister f\u00fcr Gesundheit, Luis Rosado, begleitet von der Stadtr\u00e4tin [&hellip;]<\/p>\n","protected":false},"author":1,"featured_media":0,"comment_status":"close","ping_status":"open","sticky":false,"template":"","format":"standard","meta":{"footnotes":""},"categories":[3],"tags":[],"class_list":["post-19913","post","type-post","status-publish","format-standard","hentry","category-allgemeine","et-doesnt-have-format-content","et_post_format-et-post-format-standard"],"_links":{"self":[{"href":"https:\/\/www.best-dentist-dentistry.com\/de\/wp-json\/wp\/v2\/posts\/19913","targetHints":{"allow":["GET"]}}],"collection":[{"href":"https:\/\/www.best-dentist-dentistry.com\/de\/wp-json\/wp\/v2\/posts"}],"about":[{"href":"https:\/\/www.best-dentist-dentistry.com\/de\/wp-json\/wp\/v2\/types\/post"}],"author":[{"embeddable":true,"href":"https:\/\/www.best-dentist-dentistry.com\/de\/wp-json\/wp\/v2\/users\/1"}],"replies":[{"embeddable":true,"href":"https:\/\/www.best-dentist-dentistry.com\/de\/wp-json\/wp\/v2\/comments?post=19913"}],"version-history":[{"count":0,"href":"https:\/\/www.best-dentist-dentistry.com\/de\/wp-json\/wp\/v2\/posts\/19913\/revisions"}],"wp:attachment":[{"href":"https:\/\/www.best-dentist-dentistry.com\/de\/wp-json\/wp\/v2\/media?parent=19913"}],"wp:term":[{"taxonomy":"category","embeddable":true,"href":"https:\/\/www.best-dentist-dentistry.com\/de\/wp-json\/wp\/v2\/categories?post=19913"},{"taxonomy":"post_tag","embeddable":true,"href":"https:\/\/www.best-dentist-dentistry.com\/de\/wp-json\/wp\/v2\/tags?post=19913"}],"curies":[{"name":"wp","href":"https:\/\/api.w.org\/{rel}","templated":true}]}}