{"id":19987,"date":"2012-10-11T02:45:22","date_gmt":"2012-10-11T02:45:22","guid":{"rendered":null},"modified":"-0001-11-30T00:00:00","modified_gmt":"-0001-11-30T00:00:00","slug":"the-government-confirmed-the-second-death-by-flu-this-year-in-el-salvador","status":"publish","type":"post","link":"https:\/\/www.best-dentist-dentistry.com\/de\/the-government-confirmed-the-second-death-by-flu-this-year-in-el-salvador\/19987","title":{"rendered":"the government confirmed the second death by flu this year in el salvador"},"content":{"rendered":"<p class=\"first\"> San Salvador, 20 jun (EFE).-das Gesundheitsministerium von El Salvador heute best\u00e4tigt den zweiten Tod durch Grippe bisher in diesem Jahr und berichtet, dass mehr als 130 F\u00e4lle der Krankheit dieses zentralamerikanischen Landes registriert wurden.<\/p>\n<p>Das zweite t\u00f6dliche Opfer des Grippevirus &#8220;ist ein M\u00e4dchen von zwei Jahren und vier Monaten&#8221; starb am 1. Juni in das staatliche Krankenhaus Benjamin Bloom von San Salvador und wurde urspr\u00fcnglich von Soyapango, sechs Kilometer \u00f6stlich der Hauptstadt, sagte ein Sprecher f\u00fcr das spanische Gesundheitsministerium EfE.<\/p>\n<p>Der j\u00fcngere litt auch an &#8220;Herzerkrankungen&#8221; und als erste Todesopfer wurde nicht geimpft gegen die Grippe, hinzugef\u00fcgt.<\/p>\n<p>Der erste Tod bei dieser Krankheit wurde am 9. Mai im gleichen Krankenhaus, wo er starb das zweite Opfer, und war ein Kind von einem eineinhalb Jahre alt, urspr\u00fcnglich aus La Libertad (Mitte) aufgenommen.<\/p>\n<p>Die salvadorianische Vizeminister der Gesundheit, Eduardo Espinoza, in der heute ver\u00f6ffentlichte Presseerkl\u00e4rungen sagte, dass &#8220;die beiden F\u00e4lle (&#8230;)&#8221; &#8220;Todesf\u00e4lle sind Kinder, die nicht geimpft worden sind und waren auch anf\u00e4llig&#8221;, da &#8220;man Zerebralparese und die andere eine Fehlbildung des Herzens hatte&#8221;, dargelegt.<\/p>\n<p>Bis zu welchem Jahr wird dieses zentralamerikanischen Landes zeichnet &#8220;132 F\u00e4lle von Influenza-A&#8221;, bemerkte die Sprecher der Nachrichtenagentur Efe, ohne weitere Einzelheiten.<\/p>\n<p>Direktor der Gesundheits\u00fcberwachung des Ministeriums f\u00fcr Gesundheit, Julio Armero, k\u00fcrzlich erkl\u00e4rte, dass die Grippe &#8220;&#8221; in dem Land seit 2009 Umlauf ist und gab eine &#8220;niedrigen&#8221; Virus-Verbreitung in 2010 und 2011.<\/p>\n<p>El Salvador 33 Menschen get\u00f6tet im Jahr 2009 ein Ergebnis der Grippe, w\u00e4hrend andere 851 sich das Virus zugezogen und war mindestens einen Toten, aufgezeichnet wurden nach offiziellen Angaben im Jahr 2010.<\/p>\n<p>Beh\u00f6rden Integrit\u00e4tsregel heraus, es ist eine Epidemie, aber weiterhin Berufung auf die Bev\u00f6lkerung, die erforderlichen Ma\u00dfnahmen, um zu verhindern, dass weitere Infektionen, einschlie\u00dflich des Impfstoffs zu nehmen ist, besonders gef\u00e4hrdeten Bev\u00f6lkerungsgruppen, wie Menschen \u00fcber 60, Kinder und Schwangere.<\/p>\n<p>Die gemeinsame Grippe-Virus und mehr zwischen Juni und August, nach Gesundheitsbeh\u00f6rden, so im letzten Mai zirkulieren eine landesweite Impfkampagne lief.<\/p>\n<p>W\u00e4hrend der Kampagne waren mehr als 1,4 Millionen Dosen f\u00fcr Erwachsene und Kinder und waren auch gegen Masern und R\u00f6teln geimpft, nach Gesundheitsdaten.<\/p>\n<p>Der erste Tod bei dieser Krankheit wurde am 9. Mai im gleichen Krankenhaus aufgenommen wo er das zweite Opfer starb. WireImage \/<\/p>\n","protected":false},"excerpt":{"rendered":"<p>San Salvador, 20 jun (EFE).-das Gesundheitsministerium von El Salvador heute best\u00e4tigt den zweiten Tod durch Grippe bisher in diesem Jahr und berichtet, dass mehr als 130 F\u00e4lle der Krankheit dieses zentralamerikanischen Landes registriert wurden. Das zweite t\u00f6dliche Opfer des Grippevirus &#8220;ist ein M\u00e4dchen von zwei Jahren und vier Monaten&#8221; starb am 1. Juni in das [&hellip;]<\/p>\n","protected":false},"author":1,"featured_media":0,"comment_status":"close","ping_status":"open","sticky":false,"template":"","format":"standard","meta":{"footnotes":""},"categories":[3],"tags":[30995],"class_list":["post-19987","post","type-post","status-publish","format-standard","hentry","category-allgemeine","tag-dim","et-doesnt-have-format-content","et_post_format-et-post-format-standard"],"_links":{"self":[{"href":"https:\/\/www.best-dentist-dentistry.com\/de\/wp-json\/wp\/v2\/posts\/19987","targetHints":{"allow":["GET"]}}],"collection":[{"href":"https:\/\/www.best-dentist-dentistry.com\/de\/wp-json\/wp\/v2\/posts"}],"about":[{"href":"https:\/\/www.best-dentist-dentistry.com\/de\/wp-json\/wp\/v2\/types\/post"}],"author":[{"embeddable":true,"href":"https:\/\/www.best-dentist-dentistry.com\/de\/wp-json\/wp\/v2\/users\/1"}],"replies":[{"embeddable":true,"href":"https:\/\/www.best-dentist-dentistry.com\/de\/wp-json\/wp\/v2\/comments?post=19987"}],"version-history":[{"count":0,"href":"https:\/\/www.best-dentist-dentistry.com\/de\/wp-json\/wp\/v2\/posts\/19987\/revisions"}],"wp:attachment":[{"href":"https:\/\/www.best-dentist-dentistry.com\/de\/wp-json\/wp\/v2\/media?parent=19987"}],"wp:term":[{"taxonomy":"category","embeddable":true,"href":"https:\/\/www.best-dentist-dentistry.com\/de\/wp-json\/wp\/v2\/categories?post=19987"},{"taxonomy":"post_tag","embeddable":true,"href":"https:\/\/www.best-dentist-dentistry.com\/de\/wp-json\/wp\/v2\/tags?post=19987"}],"curies":[{"name":"wp","href":"https:\/\/api.w.org\/{rel}","templated":true}]}}