{"id":200,"date":"2011-11-20T23:11:07","date_gmt":"2011-11-20T23:11:07","guid":{"rendered":null},"modified":"2011-11-20T23:11:07","modified_gmt":"2011-11-20T23:11:07","slug":"teresa-martanez-addressed-in-the-university-of-oviedo-in-elderly-demented-person-centred-care","status":"publish","type":"post","link":"https:\/\/www.best-dentist-dentistry.com\/de\/teresa-martanez-addressed-in-the-university-of-oviedo-in-elderly-demented-person-centred-care\/200","title":{"rendered":"Teresa Mart\u00ednez behandelt in der Universit\u00e4t Oviedo in \u00e4lteren Demenz Person zentrierten Pflege."},"content":{"rendered":"<p><strong>Teresa Mart\u00ednez richtete die Universit\u00e4t Oviedo Aufmerksamkeit konzentriert in \u00e4lteren Menschen mit Demenz. <\/p>\n<p><font size=\"2\"> der anerkannten mehr vertieft auf das innovative Modell in Laufe des Sommers:  neurologische und kognitive St\u00f6rungen in neurodegenerativer Demenzen &#8221;.<\/strong><font size=\"2\"> <\/p>\n<p>-der Experte ist ein wahren Verfechter der Rechte, Einstellungen und der w\u00fcrde \u00e4lterer Menschen in die Situation der Abh\u00e4ngigkeit. Daf\u00fcr, dass die \u00e4ltere Person das Recht auf Selbstbestimmung. selbst in hat F\u00e4llen, in denen es gibt ein erhebliches Ma\u00df an kognitive Beeintr\u00e4chtigung <\/p>\n<p> <strong>Spanien, 2011-Juni<\/strong> seit letzten Montag 20 und bis Freitag 24 inklusive, fand im Zentrum Feijoo von der Universit\u00e4t Oviedo die nat\u00fcrlich, &#8220;Congnitivas in die Demenz-Neurodegenerative Ver\u00e4nderungen&#8221;, ein Dienstplan von renommierten Experten, die speziell auf Freitag, Juni 24, teilgenommen haben (siehe Programm), Teresa Mart\u00ednez, vertieft, w\u00e4hrend zwei Stunden in der Ausbildung von Studenten und Professionals in Psychologie, Medizin, Krankenpflege, Physiotherapie, P\u00e4dagogik und Logop\u00e4den, die auf die kognitive Stimulation bei Menschen mit Demenz und die Anwendung der Person-zentrierten Pflege besucht in \u00e4lteren Menschen mit Demenz. <\/p>\n<p>Der Kurs hatte das Ziel, pr\u00e4sentieren die neuesten Fortschritte auf dem Gebiet der neurodegenerativer Demenzen, insbesondere was bezieht sich auf fr\u00fchen kognitive Marker und Neuroimaging-Diagnose und fr\u00fchen Behandlung. <\/p>\n<p>Es wurde unter der Regie von der Professor im Bereich der Grundlagen der Psychologie, Fernando Cuetos Vega und j\u00fcngsten Fortschritte auf die kognitiven und neurologischen Ver\u00e4nderungen in Neurodegenrativas Demenz, vor allem der Alzheimer-Krankheit, Morbus Parkinson, Demenz vaskul\u00e4ren Ursprungs und Fronto-temporale Demenz, milde kognitive Beeintr\u00e4chtigung befasste. <\/p>\n<p><strong>Kurze Zusammenfassung Teresa Mart\u00ednez Rodr\u00edguez <br \/><\/strong> <br \/>Soziale Gerontologie Experten Psychologe. Derzeit arbeitet er in den Dienst der Qualit\u00e4t und der Inspektion des Ministeriums f\u00fcr soziale Vorsorge von Asturien. <\/p>\n<p>Er begann seine berufliche Laufbahn bei der direkten Betreuung und arbeitete f\u00fcr 12 Jahre in einem Wohnheim und Tag f\u00fcr \u00e4ltere Menschen spezialisiert in \u00f6ffentlichem Eigentum Alzheimer-Center. 10 Jahre hielt er technische hat und politischen Positionen in das Ministerium f\u00fcr Soziales von Asturien. Er war Leiter der Planungs-Services f\u00fcr \u00e4ltere Menschen und Menschen mit Behinderungen, und sp\u00e4ter Generaldirektor der Planung und Qualit\u00e4t. <\/p>\n<p>Autor von Publikationen und wissenschaftlichen Artikeln im Bereich der sozialen Gerontologie und Behinderung. Referent bei nationalen und internationalen Kongressen. Er arbeitete in postgraduate Kurse und Meister Grad in sozialen Gerontologie an verschiedenen spanischen Universit\u00e4ten und verschiedene Projekte der Regionalregierungen. Er arbeitete auch als Lehrer und Berater in Lateinamerika, mit den IMSERSO, der Autonomen Universit\u00e4t von Madrid, mit der AECI (spanischen Agentur der Zusammenarbeit mit Lateinamerika f\u00fcr Entwicklung) und mit der CEPAL (Vereinte Nationen). <\/p>\n<p>Die Projekte und Publikationen werden auf dem Gebiet der angewandten Gerontologie platziert. <\/p>\n<p>Beachten Sie folgenden Publikationen in Bezug auf den Kurs: <\/p>\n<p> Tag f\u00fcr Senioren mit Abh\u00e4ngigkeiten Zentren. Kognitive Stimulation: Guide und Materialien f\u00fcr die Intervention. <\/p>\n<p>Tagespflege f\u00fcr die \u00e4lteren Zentren. Aufmerksamkeit in Situationen der Fragilit\u00e4t und Abh\u00e4ngigkeit. Madrid: Editorial M\u00e9dica-Panamericana. <\/p>\n<p>Die Person-zentrierten Gerontologie-Pflege. Leitfaden f\u00fcr professionelle Rechenzentren und Pflegedienste f\u00fcr \u00e4ltere Menschen in Situationen der Fragilit\u00e4t oder Einheit. Donostia: Stiftung Mat\u00eda-Regierung des Baskenlands. <\/p>\n<p>Zug Speicher, Eingreifen in Erinnerungen (2011). Madrid: M\u00e9dica-Panamericana. In der Presse. <\/p>\n<p>Autor des Speichers f\u00fcr \u00e4ltere Menschen. Workshop, Dokument mit erh\u00f6hte Anzahl von Downloads auf dem Portal der gr\u00f6\u00dfte IMSERSO im Zeitraum (2002-2010). <\/p>\n<p>Es ist auch Co-Autor und Autor von Artikeln und wie berichtet: <\/p>\n<p> Cuetos, f., Mart\u00ednez, t., Mart\u00ednez, C., Izuran, C. und Ellis, AW (2003)-Verarbeitung-Lexikon in spanischen Patienten mit Alzheimer-Krankheit wahrscheinlich. Kognitiven Hirnforschung, 17, 549-561 <\/p>\n<p>  best Practices in der Betreuung von \u00e4lteren Menschen in einer Situation der Abh\u00e4ngigkeit &#8221;. Meldet Portal Erwachsene, Nr. 98. <\/p>\n<p><\/font><\/font><\/p>\n","protected":false},"excerpt":{"rendered":"<p>Teresa Mart\u00ednez richtete die Universit\u00e4t Oviedo Aufmerksamkeit konzentriert in \u00e4lteren Menschen mit Demenz. der anerkannten mehr vertieft auf das innovative Modell in Laufe des Sommers: neurologische und kognitive St\u00f6rungen in neurodegenerativer Demenzen &#8221;. -der Experte ist ein wahren Verfechter der Rechte, Einstellungen und der w\u00fcrde \u00e4lterer Menschen in die Situation der Abh\u00e4ngigkeit. Daf\u00fcr, dass die [&hellip;]<\/p>\n","protected":false},"author":1,"featured_media":0,"comment_status":"closed","ping_status":"open","sticky":false,"template":"","format":"standard","meta":{"footnotes":""},"categories":[3],"tags":[1491,1492,1488,1484,1490,1500,1483,1494,1489,1496,1495,1499,1485,1486,1487,1497,1498,1493],"class_list":{"0":"post-200","1":"post","2":"type-post","3":"status-publish","4":"format-standard","5":"hentry","6":"category-allgemeine","7":"tag-brdie","8":"tag-anerkannten","9":"tag-aufmerksamkeit","10":"tag-demenz","12":"tag-demenzen","13":"tag-dvb-t","14":"tag-innovative","15":"tag-konzentriert","16":"tag-laufe","17":"tag-modell","18":"tag-neurodegenerativer","19":"tag-person-zentrierten","20":"tag-pflege","21":"tag-richtete","22":"tag-sommers","23":"tag-strungen","24":"tag-vertieft","25":"et-doesnt-have-format-content","26":"et_post_format-et-post-format-standard"},"_links":{"self":[{"href":"https:\/\/www.best-dentist-dentistry.com\/de\/wp-json\/wp\/v2\/posts\/200","targetHints":{"allow":["GET"]}}],"collection":[{"href":"https:\/\/www.best-dentist-dentistry.com\/de\/wp-json\/wp\/v2\/posts"}],"about":[{"href":"https:\/\/www.best-dentist-dentistry.com\/de\/wp-json\/wp\/v2\/types\/post"}],"author":[{"embeddable":true,"href":"https:\/\/www.best-dentist-dentistry.com\/de\/wp-json\/wp\/v2\/users\/1"}],"replies":[{"embeddable":true,"href":"https:\/\/www.best-dentist-dentistry.com\/de\/wp-json\/wp\/v2\/comments?post=200"}],"version-history":[{"count":0,"href":"https:\/\/www.best-dentist-dentistry.com\/de\/wp-json\/wp\/v2\/posts\/200\/revisions"}],"wp:attachment":[{"href":"https:\/\/www.best-dentist-dentistry.com\/de\/wp-json\/wp\/v2\/media?parent=200"}],"wp:term":[{"taxonomy":"category","embeddable":true,"href":"https:\/\/www.best-dentist-dentistry.com\/de\/wp-json\/wp\/v2\/categories?post=200"},{"taxonomy":"post_tag","embeddable":true,"href":"https:\/\/www.best-dentist-dentistry.com\/de\/wp-json\/wp\/v2\/tags?post=200"}],"curies":[{"name":"wp","href":"https:\/\/api.w.org\/{rel}","templated":true}]}}