{"id":20029,"date":"2012-10-11T03:29:11","date_gmt":"2012-10-11T03:29:11","guid":{"rendered":null},"modified":"-0001-11-30T00:00:00","modified_gmt":"-0001-11-30T00:00:00","slug":"it-is-unjustifiable-to-withdraw-care-to-a-person-with-mental-illness-according-to-feafes","status":"publish","type":"post","link":"https:\/\/www.best-dentist-dentistry.com\/de\/it-is-unjustifiable-to-withdraw-care-to-a-person-with-mental-illness-according-to-feafes\/20029","title":{"rendered":"it is unjustifiable to withdraw care to a person with mental illness according to feafes"},"content":{"rendered":"<p><font size=\"2\"> <font size=\"3\"> <strong> ist nicht zu rechtfertigen, Pflege bei einem Menschen mit psychischen Erkrankungen zur\u00fcckzuziehen &#8221;, nach FEAFES<\/strong><\/font> <\/p>\n<p>10 Oktober Welttag der psychischen Gesundheit <\/p>\n<p>-Vereinigungen von Personen mit psychischen Erkrankungen und Familie gew\u00e4hrleisten, die bessere Betreuung w\u00fcrde sparen Ausgaben \u00f6ffentlicher. <\/p>\n<p> &#8211; mit dem Slogan  die beste Investition, Ihre psychische Gesundheit &#8221;, \u00f6ffentlichen Verwaltungen und der Gesellschaft auf diesen grundlegenden Aspekt der Gesundheit sensibilisieren soll. <\/p>\n<p>-A Person mit psychischen Erkrankungen f\u00fchrt  das erste Label &#8221;, ein Video gegen Stigmatisierung und Vorurteile. <\/p>\n<p><strong>Madrid, Oktober 2012.-<\/strong>  die beste Investition, Ihre psychische Gesundheit &#8221;. Dies ist die Botschaft, die die Spanische Konf\u00f6deration der Gruppen von Verwandten und Personen mit psychischen Erkrankungen (FEAFES) will umziehen, Beh\u00f6rden und der gesamten Gesellschaft anl\u00e4sslich des Welttages der psychischen Gesundheit am 10. Oktober in mehr als 100 L\u00e4ndern stattfand. <\/p>\n<p>Von FEAFES darauf hinweisen, dass es notwendig ist, die  Investitionen &#8221; auf zwei Arten. Einerseits wirtschaftliche, f\u00fcr  Erhaltung und Verbesserung der &#8221; Ressourcen in der psychischen Gesundheit. Und zweitens weil  alle m\u00fcssen investieren Zeit und Sorgfalt auf unsere eigene geistige Gesundheit und die Menschen in unserer Umgebung &#8221;. <\/p>\n<p>Der Pr\u00e4sident dieser Organisation, Jos\u00e9 Mar\u00eda S\u00e1nchez Monge, verteidigt das Recht eines jeden mit psychischen Erkrankungen zu  erhalten Sie volle Behandlung &#8221; zu umfassen nicht nur Medikamente, sondern auch Psychotherapie und Unterst\u00fctzung f\u00fcr  pers\u00f6nliche Recovery und Integration &#8221;. <\/p>\n<p>  Kann nicht gerechtfertigt werden, dass eine Person mit psychischen Erkrankungen ist Sie entfernen Aufmerksamkeit nie &#8221;, sagte S\u00e1nchez Monge, der somit zeigte seine Besorgnis, die K\u00fcrzungen in den verschiedenen \u00f6ffentlichen Verwaltungen verletzen mehr als 1 Million Menschen, die eine schwere psychische St\u00f6rung in Spanien pr\u00e4sentiert. <\/p>\n<p>In der Tat viele Mitgliedsverb\u00e4nde FEAFES mehrere Autonome Gemeinschaften leiden  ernsthafte Verz\u00f6gerungen bei der Zahlung von Zusch\u00fcssen und Konzerte &#8221;, die machen es schwierig f\u00fcr Zahlungen auf Anbieter und die Zahlung der L\u00f6hne. <\/p>\n<p>  Unsere Teams sind das Unm\u00f6gliche tun, damit dies nicht die Qualit\u00e4t der Pflege schadet, aber die Situation unhaltbar ist &#8221;, Protest von FEAFES. <\/p>\n<p>Des Bundes, die sammelt 288 Verb\u00e4nde von Menschen mit psychischen Erkrankungen und Familien von ganz Spanien zu warnen, die  wenn noch Budgetk\u00fcrzungen, Programme werden nicht unterst\u00fctzt von sozio-sanit\u00e4ren Bereich und reduziert die Aufmerksamkeit auf Rezept und Notfalldienste, wir geben einen schweren Sprung r\u00fcckw\u00e4rts in die Verbesserung der Lebensqualit\u00e4t f\u00fcr Zehntausende von Menschen. &#8221; <\/p>\n<p> daher von FEAFES Vertrauen, dass die Verwaltung den Ernst der Lage bewusst ist und halten Sie f\u00fcr verschiedene Dienste und geistige Gesundheitsprogramme Finanzierung. <\/p>\n<p>In diesem Sinne, da FEAFES vorschlagen, ein Modell der Pflege entwickeln  engen und kontinuierlichen &#8221; auf die F\u00e4higkeiten der einzelnen Person zu konzentrieren. Es w\u00fcrde laut FEAFES, f\u00fchren also nicht nur um die Leben von Menschen mit psychischen Erkrankungen und ihre Familien, sondern auch deutliche Einsparungen bei den \u00f6ffentlichen Konten zu verbessern. <\/p>\n<p>  Gute Track speichern auf teureren Produkten verwaltet: Krankenhauseinweisungen und Medikamente. Und wirksamer Pr\u00e4vention w\u00fcrde ein Gro\u00dfteil der \u00f6ffentlichen Ausgaben w\u00e4hrend des Restes des Lebens dieser Person vermeiden &#8221;, argumentierte Sanchez Monge. <\/p>\n<p><strong>Ein Video gegen Vorurteile<\/strong> <\/p>\n<p>Anl\u00e4sslich der psychischen Gesundheit Welttag der FEAFES vorgestellt hat  das erste Label &#8221;, ein Video, wo eine Person mit psychischen Erkrankungen zeigt, dass es viel mehr als das Label  krank &#8221; und Vorurteile, die diese Art der St\u00f6rung oft begleiten. <\/p>\n<p>Durch die Entstehung anderer  Markierungen &#8221;-Bruder, Worker, Freund, Tr\u00e4umer und Papst &#8211; zeigt, wie jemand ist viel mehr als  das erste Label &#8221;, dass wir ihn, und vieles mehr bei Personen mit einem psychischen Problem vergeben k\u00f6nnen. <\/p>\n<p>Die Ank\u00fcndigung wurde von dem realen Leben des Protagonisten, Carles Pe\u00f1arroya inspiriert. Das Video bekommt f\u00fcr diese Barcelon\u00e8s  setzen die Unordnung auf dem dritten Platz &#8221; und  verst\u00e4rkt die Idee, dass ein Mensch ist, was macht und welche Get &#8221;. <\/p>\n<p>Pe\u00f1arroya beklagt sich, dass f\u00fcr einen Gro\u00dfteil der Gesellschaft, das Bild eines Menschen mit psychischen Erkrankungen der ist  jemand zum Krankenhaus zugelassen oder ad acta gelegt, ohne etwas auf der Couch und wei\u00df nicht alles &#8221;. Eine Idee, nach ihm, sehr  weit von der Realit\u00e4t &#8221;. <\/p>\n<p>Dieses video, mit ein  richtiger Kontakt &#8221; eine Person mit psychischen St\u00f6rungen, Carles hofft, mit Ihnen dieses zu bek\u00e4mpfen helfen  Lage ungerecht und falsch &#8221;, und die Gesellschaft beginnt, bevor die Person auch Ihr Etikett zu sehen. <\/p>\n<p><\/font><\/p>\n","protected":false},"excerpt":{"rendered":"<p>ist nicht zu rechtfertigen, Pflege bei einem Menschen mit psychischen Erkrankungen zur\u00fcckzuziehen &#8221;, nach FEAFES 10 Oktober Welttag der psychischen Gesundheit -Vereinigungen von Personen mit psychischen Erkrankungen und Familie gew\u00e4hrleisten, die bessere Betreuung w\u00fcrde sparen Ausgaben \u00f6ffentlicher. &#8211; mit dem Slogan die beste Investition, Ihre psychische Gesundheit &#8221;, \u00f6ffentlichen Verwaltungen und der Gesellschaft auf diesen [&hellip;]<\/p>\n","protected":false},"author":1,"featured_media":0,"comment_status":"close","ping_status":"open","sticky":false,"template":"","format":"standard","meta":{"footnotes":""},"categories":[3],"tags":[],"class_list":["post-20029","post","type-post","status-publish","format-standard","hentry","category-allgemeine","et-doesnt-have-format-content","et_post_format-et-post-format-standard"],"_links":{"self":[{"href":"https:\/\/www.best-dentist-dentistry.com\/de\/wp-json\/wp\/v2\/posts\/20029","targetHints":{"allow":["GET"]}}],"collection":[{"href":"https:\/\/www.best-dentist-dentistry.com\/de\/wp-json\/wp\/v2\/posts"}],"about":[{"href":"https:\/\/www.best-dentist-dentistry.com\/de\/wp-json\/wp\/v2\/types\/post"}],"author":[{"embeddable":true,"href":"https:\/\/www.best-dentist-dentistry.com\/de\/wp-json\/wp\/v2\/users\/1"}],"replies":[{"embeddable":true,"href":"https:\/\/www.best-dentist-dentistry.com\/de\/wp-json\/wp\/v2\/comments?post=20029"}],"version-history":[{"count":0,"href":"https:\/\/www.best-dentist-dentistry.com\/de\/wp-json\/wp\/v2\/posts\/20029\/revisions"}],"wp:attachment":[{"href":"https:\/\/www.best-dentist-dentistry.com\/de\/wp-json\/wp\/v2\/media?parent=20029"}],"wp:term":[{"taxonomy":"category","embeddable":true,"href":"https:\/\/www.best-dentist-dentistry.com\/de\/wp-json\/wp\/v2\/categories?post=20029"},{"taxonomy":"post_tag","embeddable":true,"href":"https:\/\/www.best-dentist-dentistry.com\/de\/wp-json\/wp\/v2\/tags?post=20029"}],"curies":[{"name":"wp","href":"https:\/\/api.w.org\/{rel}","templated":true}]}}