{"id":20049,"date":"2012-10-12T02:38:37","date_gmt":"2012-10-12T02:38:37","guid":{"rendered":null},"modified":"-0001-11-30T00:00:00","modified_gmt":"-0001-11-30T00:00:00","slug":"president-of-ecuador-comes-to-bolivia-to-intervene-in-the-oas-assembly","status":"publish","type":"post","link":"https:\/\/www.best-dentist-dentistry.com\/de\/president-of-ecuador-comes-to-bolivia-to-intervene-in-the-oas-assembly\/20049","title":{"rendered":"Pr\u00e4sident von Ecuador kommt nach Bolivien intervenieren in der OAS Assembly"},"content":{"rendered":"<p class=\"first\"> <span class=\"yshortcuts\" id=\"lw_1338810725_6\"> Cochabamba<\/span> (<span class=\"yshortcuts\" id=\"lw_1338810725_8\"> Bolivien<\/span>), 3 jun (<span class=\"yshortcuts\" id=\"lw_1338810725_4\"> EFE<\/span>).-<span class=\"yshortcuts\" id=\"lw_1338810725_3\"> The Ecuadors Pr\u00e4sident<\/span> <span class=\"yshortcuts\" id=\"lw_1338810725_0\"> Rafael Correa<\/span>, kam in den fr\u00fchen Morgenstunden von heute zu der bolivianischen Stadt Cochabamba, in der 42 Versammlung der <span class=\"yshortcuts\" id=\"lw_1338810725_1\"> OAS<\/span> zu verteidigen ihren Vorschlag f\u00fcr eine Reform des <span class=\"yshortcuts\" id=\"lw_1338810725_5\"> Interamerikanische Menschenrechtssystem<\/span> einzugreifen.<\/p>\n<p>Der bolivianischen Au\u00dfenministerium Quelle gesagt Efe Correa treffen sich fr\u00fchzeitig mit Pr\u00e4sident <span class=\"yshortcuts\" id=\"lw_1338810725_2\"> Evo Morales<\/span>, der ihn zu das Treffen der Au\u00dfenminister, eingeweiht am Sonntagabend, einlud und dann wird in den ersten Sitzungen der regionalen Forum-Diskussionen,.<\/p>\n<p>Die Versammlung wurde einberufen, um zu besprechen, zuerst den Hunger und Unterern\u00e4hrung in der Region, die Auswirkungen auf 53 Millionen lateinamerikanischen und karibischen, aber in fr\u00fcheren Debatten haben dominiert m\u00f6gliche Reformen des Interamerikanischen Systems der Menschenrechte von Correa und seine Verb\u00fcndeten angefordert.<\/p>\n<p>Der ecuadorianische Pr\u00e4sident hat einen Besuch von Bolivien &#8220;in Place&#8221; zu der internationalen B\u00fcrokratie setzen vorweggenommen.<\/p>\n<p>&#8220;Wir beschlossen, zur Teilnahme an <span class=\"yshortcuts\"id=\"lw_1338810725_7\"> der Versammlung<\/span> der OAS auf Ihrer Website zu bestimmten internationalen B\u00fcrokratie glaubte oberhalb unserer Staaten setzen&#8221;, sagte der Vertreter der ecuadorianischen.<\/p>\n<p>Your, Ricardo Pati\u00f1o, Bundeskanzler Stunden fr\u00fcher &#8220;OAS hat neu erfunden worden oder werden verschwinden.&#8221; &#8220;Es hat keine andere M\u00f6glichkeit,&#8221;.<\/p>\n<p>&#8220;Mit progressiven Regierungen in Lateinamerika gibt es die OAS weiterhin nicht m\u00f6glich.&#8221; &#8220;Es ist dazu bestimmt, sein verschwinden, wenn oder bis Sie ihre Neuerfindung akzeptieren&#8221;, sagte der Minister.<\/p>\n<p>Bei der Er\u00f6ffnung des Forums, Morales verlangte, dass die Interamerikanische Kommission \u00fcber Human Rights Watch auch Vereinigte Staaten oder, wenn nicht, &#8220;besser, die verschwinden&#8221;.<\/p>\n<p>Morales sagte, dass dieser Ausschuss &#8220;nur das Problem der Menschenrechte in einigen L\u00e4ndern, wo der Pr\u00e4sident, die Regierung nicht mit der Politik der Regierung der Vereinigten Staaten einverstanden, zu sehen&#8221;, in Anspielung auf seinen Verb\u00fcndeten in die Bolivarianische Allianz (Alba), vor allem in Ecuador und Venezuela. EFE<\/p>\n<p>ja\/bin\/Rml<\/p>\n","protected":false},"excerpt":{"rendered":"<p>Cochabamba ( Bolivien), 3 jun ( EFE).- The Ecuadors Pr\u00e4sident Rafael Correa, kam in den fr\u00fchen Morgenstunden von heute zu der bolivianischen Stadt Cochabamba, in der 42 Versammlung der OAS zu verteidigen ihren Vorschlag f\u00fcr eine Reform des Interamerikanische Menschenrechtssystem einzugreifen. Der bolivianischen Au\u00dfenministerium Quelle gesagt Efe Correa treffen sich fr\u00fchzeitig mit Pr\u00e4sident Evo Morales, [&hellip;]<\/p>\n","protected":false},"author":1,"featured_media":0,"comment_status":"close","ping_status":"open","sticky":false,"template":"","format":"standard","meta":{"footnotes":""},"categories":[3],"tags":[31062,31063,31061],"class_list":["post-20049","post","type-post","status-publish","format-standard","hentry","category-allgemeine","tag-intervenieren","tag-oas-assembly","tag-oas-menschenrechte-system","et-doesnt-have-format-content","et_post_format-et-post-format-standard"],"_links":{"self":[{"href":"https:\/\/www.best-dentist-dentistry.com\/de\/wp-json\/wp\/v2\/posts\/20049","targetHints":{"allow":["GET"]}}],"collection":[{"href":"https:\/\/www.best-dentist-dentistry.com\/de\/wp-json\/wp\/v2\/posts"}],"about":[{"href":"https:\/\/www.best-dentist-dentistry.com\/de\/wp-json\/wp\/v2\/types\/post"}],"author":[{"embeddable":true,"href":"https:\/\/www.best-dentist-dentistry.com\/de\/wp-json\/wp\/v2\/users\/1"}],"replies":[{"embeddable":true,"href":"https:\/\/www.best-dentist-dentistry.com\/de\/wp-json\/wp\/v2\/comments?post=20049"}],"version-history":[{"count":0,"href":"https:\/\/www.best-dentist-dentistry.com\/de\/wp-json\/wp\/v2\/posts\/20049\/revisions"}],"wp:attachment":[{"href":"https:\/\/www.best-dentist-dentistry.com\/de\/wp-json\/wp\/v2\/media?parent=20049"}],"wp:term":[{"taxonomy":"category","embeddable":true,"href":"https:\/\/www.best-dentist-dentistry.com\/de\/wp-json\/wp\/v2\/categories?post=20049"},{"taxonomy":"post_tag","embeddable":true,"href":"https:\/\/www.best-dentist-dentistry.com\/de\/wp-json\/wp\/v2\/tags?post=20049"}],"curies":[{"name":"wp","href":"https:\/\/api.w.org\/{rel}","templated":true}]}}