{"id":20058,"date":"2012-10-12T02:40:33","date_gmt":"2012-10-12T02:40:33","guid":{"rendered":null},"modified":"-0001-11-30T00:00:00","modified_gmt":"-0001-11-30T00:00:00","slug":"doctors-and-nurses-blamed-the-junta-de-andalucaa-of-the-semicolapso-of-health-and-ask-to-not-be-cut-in-wages","status":"publish","type":"post","link":"https:\/\/www.best-dentist-dentistry.com\/de\/doctors-and-nurses-blamed-the-junta-de-andalucaa-of-the-semicolapso-of-health-and-ask-to-not-be-cut-in-wages\/20058","title":{"rendered":"\u00c4rzte und Krankenschwestern der Junta de Andaluc\u00eda, der die &#8220;Semicolapso&#8221; der Gesundheit die Schuld und bitten Sie um L\u00f6hne nicht gek\u00fcrzt werden"},"content":{"rendered":"<p class=\"first\"> die letztlich zu warnen, <span class=\"yshortcuts\" id=\"lw_1339519093_6\"> diese Situation<\/span> &#8220;Spannung&#8221; k\u00f6nnen Auswirkungen auf Wartelisten und die Aufmerksamkeit im allgemeinen<\/p>\n<p>Sevilla, 12 (EUROPA PRESS)<\/p>\n<p>Die <\/p>\n<p>der Pr\u00e4sidenten der Colleges von \u00c4rzten und Krankenschwestern von Sevilla, Carlos Gonz\u00e1lez-Vilardell und Jos\u00e9 Mar\u00eda Rueda, bzw. haben Schuld Dienstag der Junta de Andaluc\u00eda, der Situation der &#8220;Semicolapso&#8221;, dass seiner Ansicht Volksgesundheit andalusischen &#8220;Tag zu Tag&#8221; mit &#8220;kontinuierliche Instabilit\u00e4t in arbeitsrechtlichen Nachrichten&#8221; f\u00fcr ihre 70.000 Gesundheitsberufe (35.000 \u00c4rzte und Krankenschwestern 35.000) aufgrund der K\u00fcrzungen von der andalusischen auf seine Anpassung Plan Regierung angek\u00fcndigt ist, der die Bestellung &#8220;nicht durch ber\u00fchren die Geh\u00e4lter der Gesundheit durchgef\u00fchrt&#8221; zur\u00fcckgegeben haben.<\/p>\n<p>Pressekonferenz, beide Hochschule-Beamten haben zugegeben, dass die Situation der Krise des Landes bewusst, obwohl sie die autonome Verwaltung beschuldigt haben, die Anpassungen vorgenommen werden &#8220;ber\u00fchren die Geh\u00e4lter von Gesundheitspersonal&#8221;, derer hervorgehoben haben &#8220;sind nicht alle Verantwortlichen dieser Krise, die Name und Nachname, und Andalusien regionale Gesundheit Brett genannt hat&#8221;.<\/p>\n<p>Wir wissen, dass die wirtschaftliche Lage ist &#8220;, hat anerkannte Rad, Wer trotzdem ignorieren bedauert hat&#8221;das ist, was in letzter Zeit passiert mit der Heilung, dass es getroffen wurden, w\u00e4hrend wir sehen jeden Tag, wie sie Subventionen aller Art erhalten&#8221;.<\/p>\n<p>Rad hat davor gewarnt, in diesem Zusammenhang die &rsquo;Sorge&rsquo; der Gesundheit-Errichtung durch die &#8220;progressive Verschlechterung der andalusischen Gesundheit&#8221;, jedes Mal, wenn dieser Gonzalez-Vilardell gewarnt hat, dass dieser &#8220;Angriff&#8221; f\u00fcr die \u00f6ffentliche Gesundheit &#8220;zu Lasten des B\u00fcrgers gehen da Gesundheitswesen in einer Situation der extremen Schwerkraft, Instabilit\u00e4t und Unruhen arbeitet&#8221;.<\/p>\n<p>&#8220;Diese Situation nicht von selbst eingetreten und vor vier Jahren, da\u00df er sah kommen&#8221;, hat der College-Pr\u00e4sident \u00c4rzte, die der Vorstand keine L\u00f6sung des Konflikts beschuldigt hat weiter &#8220;die P\u00e4sse durch andere Formen der Verwaltung, als im mittleren Management, Stiftungen und Gesundheit Agenturen trim&#8221;.<\/p>\n<p>&#8220;Ist nicht akzeptabel Arbeit mit Demonstrationen und schnitten&#8221;<\/p>\n<p>&#8220;Es ist nicht akzeptabel Arbeit mit t\u00e4glichen Assemblys, schneidet Verkehr und Demonstrationen vor den Toren der Zentren&#8221;, Gonz\u00e1lez-Vilardell verf\u00fcgt \u00fcber den Status des &#8220;Semicolapso&#8221; in welche Wanderungen exemplifiziert, seinem Verst\u00e4ndnis, \u00f6ffentliche Gesundheit, trotz der &#8220;noch immer dank der Professionalit\u00e4t ihrer Arbeitnehmer&#8221;.<\/p>\n<p>&#8220;Dieses Mal ist der Wecker nicht in Aufmerksamkeit, durch die Professionalit\u00e4t unserer Gesundheit, sondern mit der \u00dcberladung seiner Arbeit, den Verlust von Gehalt, zu sp\u00fcren, dass Opfer, dass Vertr\u00e4ge nicht verl\u00e4ngert werden und dass Patienten jeden Tag unver\u00e4ndert als medizinische Handlungen; nicht abgedeckt werden&#8221; &#8220;langfristig professionelle werden ja was Sie zu geben haben und es haben Auswirkungen auf die Gesundheit und auf den Wartelisten,&#8221; berichtet.<\/p>\n<p>&#8220;Noch ist Zeit&#8221;<\/p>\n<p>Haben dennoch betont, dass &#8220;es noch Zeit ist f\u00fcr diese Verschlechterung nicht vorbei, geht&#8221; jetzt &#8220;die Zeit Verhandlungen mit den Gewerkschaften machen andere M\u00f6glichkeiten und die Professional, bereits selbst schlecht bezahlt, andere als die halten die wirtschaftliche Situation in der wir uns befinden&#8221;.<\/p>\n<p>&#8220;Destroy erfolgt in kurzer Zeit, aber Build wieder lange,&#8221; geschlossen haben, diesen F\u00fchrer, die auch die Gesundheitsverwaltung kritisiert haben &#8220;drei Jahre dauern, ohne die Sitzung des Rates der Gesundheit von Andalusien, eine Stelle, wo wir sind, Schulen, Gewerkschaften, Verbraucherverb\u00e4nde und die Verwaltung selbst vertreten&#8221;.<\/p>\n","protected":false},"excerpt":{"rendered":"<p>die letztlich zu warnen, diese Situation &#8220;Spannung&#8221; k\u00f6nnen Auswirkungen auf Wartelisten und die Aufmerksamkeit im allgemeinen Sevilla, 12 (EUROPA PRESS) Die der Pr\u00e4sidenten der Colleges von \u00c4rzten und Krankenschwestern von Sevilla, Carlos Gonz\u00e1lez-Vilardell und Jos\u00e9 Mar\u00eda Rueda, bzw. haben Schuld Dienstag der Junta de Andaluc\u00eda, der Situation der &#8220;Semicolapso&#8221;, dass seiner Ansicht Volksgesundheit andalusischen &#8220;Tag [&hellip;]<\/p>\n","protected":false},"author":1,"featured_media":0,"comment_status":"close","ping_status":"open","sticky":false,"template":"","format":"standard","meta":{"footnotes":""},"categories":[3],"tags":[31068],"class_list":["post-20058","post","type-post","status-publish","format-standard","hentry","category-allgemeine","tag-2010-blutspenden","et-doesnt-have-format-content","et_post_format-et-post-format-standard"],"_links":{"self":[{"href":"https:\/\/www.best-dentist-dentistry.com\/de\/wp-json\/wp\/v2\/posts\/20058","targetHints":{"allow":["GET"]}}],"collection":[{"href":"https:\/\/www.best-dentist-dentistry.com\/de\/wp-json\/wp\/v2\/posts"}],"about":[{"href":"https:\/\/www.best-dentist-dentistry.com\/de\/wp-json\/wp\/v2\/types\/post"}],"author":[{"embeddable":true,"href":"https:\/\/www.best-dentist-dentistry.com\/de\/wp-json\/wp\/v2\/users\/1"}],"replies":[{"embeddable":true,"href":"https:\/\/www.best-dentist-dentistry.com\/de\/wp-json\/wp\/v2\/comments?post=20058"}],"version-history":[{"count":0,"href":"https:\/\/www.best-dentist-dentistry.com\/de\/wp-json\/wp\/v2\/posts\/20058\/revisions"}],"wp:attachment":[{"href":"https:\/\/www.best-dentist-dentistry.com\/de\/wp-json\/wp\/v2\/media?parent=20058"}],"wp:term":[{"taxonomy":"category","embeddable":true,"href":"https:\/\/www.best-dentist-dentistry.com\/de\/wp-json\/wp\/v2\/categories?post=20058"},{"taxonomy":"post_tag","embeddable":true,"href":"https:\/\/www.best-dentist-dentistry.com\/de\/wp-json\/wp\/v2\/tags?post=20058"}],"curies":[{"name":"wp","href":"https:\/\/api.w.org\/{rel}","templated":true}]}}