{"id":20069,"date":"2012-10-12T02:41:18","date_gmt":"2012-10-12T02:41:18","guid":{"rendered":null},"modified":"-0001-11-30T00:00:00","modified_gmt":"-0001-11-30T00:00:00","slug":"treasury-calls-for-dialogue-and-cooperation-with-catalonia","status":"publish","type":"post","link":"https:\/\/www.best-dentist-dentistry.com\/de\/treasury-calls-for-dialogue-and-cooperation-with-catalonia\/20069","title":{"rendered":"Finanzministerium fordert &#8220;Dialog und Zusammenarbeit&#8221; mit Katalonien"},"content":{"rendered":"<p class=\"first\"> Madrid, 13 jun (EFE).-das Ministerium f\u00fcr Finanzen und \u00f6ffentliche Verwaltung hat heute an &#8220;Dialog und Zusammenarbeit&#8221; appelliert, mit Katalonien &#8220;zu versuchen, Effizienzsteigerungen und Einsparungen bei der Erbringung von Dienstleistungen zu erreichen&#8221; und &#8220;Probleme&#8221; zwischen der zentralen und autonomen Verwaltungen.<\/p>\n<p>Hacienda \u00e4u\u00dferte diesen Wunsch nach der heutigen Sitzung, die die Regierung und die Regierung von Katalonien vereinbart haben, die Ressourcen zu fixieren, die beide Verwaltungen vor dem Verfassungsgerichtshof gegen ihre jeweiligen Anpassungen in Gesundheit gebracht wurden.<\/p>\n<p>Bei einem Treffen der Vizepr\u00e4sident Soraya S\u00e1enz Santamaria und Sprecher der CiU im Kongress, Josep Antoni Duran Lleida, sie vereinbart, sagte gestern heute Mitglied des katalanischen, \u00f6ffnen Sie einen Zeitraum von Dialog, der Regierung-Regierung bilaterale nimmt die Kommission einer Entscheidung in der zweiten H\u00e4lfte Juli.<\/p>\n<p>Josep Antonio Duran Lleida leitet in diesem Jahr den Ausschuss im Auftrag der Regierung.<\/p>\n<p>Tage vor die zentrale Exekutive eine Einladung an die Regierung, um Sie zu warnen, dass Euro durch Rezept, das die Regierung von Artur Mas gelten, es k\u00f6nnte eine Invasion von Kompetenzen, einbeziehen, da Catalonia mit der Ank\u00fcndigung reagiert wird, die in den Rechtsstaat ziehen w\u00fcrdest, soll \u00fcber Anpassungen im Gesundheits- und Bildungswesen Dekrete geschickt hatte.<\/p>\n<p>Nach Duran, ist das Ziel nach der Vereinbarung des Dialogs zu sehen, wenn die Regierung und der regionalen Regierung im Juli eine Einigung f\u00e4hig sind &#8220;oder, wenn die Parteien nicht seine Haltung \u00e4ndern, dass jeder Appell&#8221;.<\/p>\n<p>Farm &amp; Regierung erinnert daran, in einer Version an EFE, gesendet, dass bei der Verwaltung des Staates oder der Autonomen Gemeinschaft &#8220;als verfassungswidrig ein Gesetz von Parlament Katalanisch oder Spanisch, bzw. k\u00f6nnen Rechtsmittel der Verfassungswidrigkeit vor dem Verfassungsgerichtshof innerhalb einer Frist von drei Monaten nach ihrer Ver\u00f6ffentlichung&#8221;.<\/p>\n<p>Begriff, der in neun umgewandelt werden kann &#8220;If, w\u00e4hrend der ersten drei, d. h. w\u00e4hrend der Laufzeit f\u00fcr die Abhilfe der Verfassungswidrigkeit, trifft die Kommission bilaterale Zusammenarbeit zwischen der allgemeinen Verwaltung des Staates und in diesem Fall, dass Katalonien und es vereinbart wurde, beginnen die Verhandlungen um die Diskrepanzen zu beheben&#8221;, H\u00f6hepunkte des Ministeriums leitet Cristobal Montoro.<\/p>\n<p>Zustimmung der Aufnahme von Verhandlungen, sobald beide Parteien unterzeichnet haben, wird es wissen des Verfassungsgerichts und es im Amtsblatt und in den Diario offizielle De La Generalitat erscheint.<\/p>\n<p>Am 16. Mai, betont das Ministerium, &#8220;Die regionale Regierung schlug uns Verhandlungen&#8221; zu &#8220;l\u00f6sen die Diskrepanzen, die in Real Decreto legislativo, am 20. April sehen dringende Ma\u00dfnahmen zur Gew\u00e4hrleistung der Nachhaltigkeit des \u00f6ffentlichen Gesundheitswesens und verbessern die Qualit\u00e4t und Sicherheit ihrer Vorteile&#8221;.<\/p>\n<p>Teil der Finanzen, 28. Mai vorgeschlagen nach Katalonien &#8220;start Verhandlungen&#8221; zu &#8220;Entschlossenheit Unstimmigkeiten auf, die wir in seinen Akt der 20. M\u00e4rz, steuerliche Ma\u00dfnahmen, gesch\u00e4tzt haben, die unter anderem den Euro auf Rezept legt&#8221;.<\/p>\n<p>Das Umweltministerium gehofft, dass &#8220;bei der n\u00e4chsten Sitzung&#8221; der bilateralen Kommission der Zusammenarbeit &#8220;w\u00fcrde erreichen n\u00e4her Positionen durch Dialog&#8221;.<\/p>\n","protected":false},"excerpt":{"rendered":"<p>Madrid, 13 jun (EFE).-das Ministerium f\u00fcr Finanzen und \u00f6ffentliche Verwaltung hat heute an &#8220;Dialog und Zusammenarbeit&#8221; appelliert, mit Katalonien &#8220;zu versuchen, Effizienzsteigerungen und Einsparungen bei der Erbringung von Dienstleistungen zu erreichen&#8221; und &#8220;Probleme&#8221; zwischen der zentralen und autonomen Verwaltungen. Hacienda \u00e4u\u00dferte diesen Wunsch nach der heutigen Sitzung, die die Regierung und die Regierung von Katalonien [&hellip;]<\/p>\n","protected":false},"author":1,"featured_media":0,"comment_status":"close","ping_status":"open","sticky":false,"template":"","format":"standard","meta":{"footnotes":""},"categories":[3],"tags":[31075],"class_list":["post-20069","post","type-post","status-publish","format-standard","hentry","category-allgemeine","tag-finanzministerium","et-doesnt-have-format-content","et_post_format-et-post-format-standard"],"_links":{"self":[{"href":"https:\/\/www.best-dentist-dentistry.com\/de\/wp-json\/wp\/v2\/posts\/20069","targetHints":{"allow":["GET"]}}],"collection":[{"href":"https:\/\/www.best-dentist-dentistry.com\/de\/wp-json\/wp\/v2\/posts"}],"about":[{"href":"https:\/\/www.best-dentist-dentistry.com\/de\/wp-json\/wp\/v2\/types\/post"}],"author":[{"embeddable":true,"href":"https:\/\/www.best-dentist-dentistry.com\/de\/wp-json\/wp\/v2\/users\/1"}],"replies":[{"embeddable":true,"href":"https:\/\/www.best-dentist-dentistry.com\/de\/wp-json\/wp\/v2\/comments?post=20069"}],"version-history":[{"count":0,"href":"https:\/\/www.best-dentist-dentistry.com\/de\/wp-json\/wp\/v2\/posts\/20069\/revisions"}],"wp:attachment":[{"href":"https:\/\/www.best-dentist-dentistry.com\/de\/wp-json\/wp\/v2\/media?parent=20069"}],"wp:term":[{"taxonomy":"category","embeddable":true,"href":"https:\/\/www.best-dentist-dentistry.com\/de\/wp-json\/wp\/v2\/categories?post=20069"},{"taxonomy":"post_tag","embeddable":true,"href":"https:\/\/www.best-dentist-dentistry.com\/de\/wp-json\/wp\/v2\/tags?post=20069"}],"curies":[{"name":"wp","href":"https:\/\/api.w.org\/{rel}","templated":true}]}}