{"id":20170,"date":"2012-10-13T02:36:30","date_gmt":"2012-10-13T02:36:30","guid":{"rendered":null},"modified":"-0001-11-30T00:00:00","modified_gmt":"-0001-11-30T00:00:00","slug":"salvadoran-agencies-ask-citizens-to-quit-using-tobacco","status":"publish","type":"post","link":"https:\/\/www.best-dentist-dentistry.com\/de\/salvadoran-agencies-ask-citizens-to-quit-using-tobacco\/20170","title":{"rendered":"salvadoran agencies ask citizens to quit using tobacco"},"content":{"rendered":"<p class=\"first\"> <span class=\"yshortcuts\" id=\"lw_1338145109_3\"> San Salvador<\/span>, 27. Mai (EFE).-<span class=\"yshortcuts\" id=\"lw_1338145109_0\"> das Gesundheitsministerium von El Salvador<\/span>, heute zusammen mit verschiedenen unabh\u00e4ngigen Agenturen genannt, auf die salvadorianische Gesellschaft, insbesondere Jugendlichen, zu beenden, mit Tabak wegen des schweren Schadens f\u00fcr die Gesundheit.<\/p>\n<p>&#8220;Diesen Tag wollen wir Bewusstsein f\u00fcr das Problem des Tabakkonsums,&#8221; \u00fcber die Sch\u00e4den f\u00fcr die Gesundheit, sagte Efe Ana Yansi Vega, Koordinator der Rauchen aufh\u00f6ren Klinik des staatlichen Krankenhauses Rosales, zur Teilnahme an einer Demonstration zum Gedenken an der <span class=\"yshortcuts\" id=\"lw_1338145109_5\"> Welt keinen Tabak-Tag<\/span>, die auf internationaler Ebene weiter 31. Mai stattfinden wird.<\/p>\n<p>Muss aufh\u00f6ren, Tabak wegen der Probleme, die wie &#8220;Lunge, Herz, Gehirn,&#8221; unter anderem verursachen betonte Vega.<\/p>\n<p>Rauchen in El Salvador Lage &#8220;sehr schwierig&#8221; weil &#8220;die letzte Umfrage (der Gesundheit)-Kinder im Alter von 13-15, 34 Prozent bereits ger\u00e4uchert oder geraucht haben&#8221; und &#8220;50 Prozent von ihnen begann im Alter von 10,&#8221; sagte Efe Eduardo Ortiz, Umwelt und Gesundheit und des Risikomanagements der Pan American Health Organization (PAHO) Beraterin.<\/p>\n<p>Der Marsch, genannt &#8220;Kinder und junge Menschen ohne Tabak wachsen&#8221; erfolgte im Rahmen der Welt keine Tabak-Tag, die im Jahr 1987 mit dem Ziel der Verringerung der Konsum in der Bev\u00f6lkerung von PAHO verordnet wurde.<\/p>\n<p>W\u00e4hrend des Marsches, der einige der wichtigsten Stra\u00dfen der salvadorianischen Hauptstadt tourte, \u00fcbergab die Gesundheitsbeh\u00f6rden Dokumente mit Informationen \u00fcber die Sch\u00e4den, die durch Tabakkonsum.<\/p>\n<p>Laut Angaben der PAHO, ist der wichtigste Risikofaktor zugeordnet, den Tod von fast 6 Millionen Menschen weltweit und die vorzeitige Entstehung der nicht \u00fcbertragbaren chronischen Erkrankungen, wie Krebs, die rauchen.<\/p>\n<p>El Salvador ist das nur zentralamerikanischen Land, das nicht dem Rahmen\u00fcbereinkommen der Weltgesundheitsorganisation ratifiziert hat, f\u00fcr die Kontrolle von Tabak, die von 173 Nationen abonniert hat, Ortiz hervorgehoben.<\/p>\n<p>, Allerdings hat das Gesetz zur Tabakkontrolle, der im August des letzten Jahres in Kraft trat, sondern noch bed\u00fcrfen der Zustimmung der &#8220;Regeln&#8221;, so dass er &#8220;mit all seiner Kraft angewendet werden kann&#8221;, f\u00fcgte er hinzu.<\/p>\n<p>Eduardo Ortiz, Berater f\u00fcr Gesundheit und Umweltmanagement der Pan-American-Organisation der Gesundheit (PAHO) erkl\u00e4rte, dass die Situation des Rauchens in El Salvador &#8220;sehr schwierig&#8221; weil &#8220;die letzten Kinder-Umfrage von 13-15 Jahren 34 Prozent bereits ger\u00e4uchert oder geraucht haben&#8221;. WireImage \/<\/p>\n","protected":false},"excerpt":{"rendered":"<p>San Salvador, 27. Mai (EFE).- das Gesundheitsministerium von El Salvador, heute zusammen mit verschiedenen unabh\u00e4ngigen Agenturen genannt, auf die salvadorianische Gesellschaft, insbesondere Jugendlichen, zu beenden, mit Tabak wegen des schweren Schadens f\u00fcr die Gesundheit. &#8220;Diesen Tag wollen wir Bewusstsein f\u00fcr das Problem des Tabakkonsums,&#8221; \u00fcber die Sch\u00e4den f\u00fcr die Gesundheit, sagte Efe Ana Yansi Vega, [&hellip;]<\/p>\n","protected":false},"author":1,"featured_media":0,"comment_status":"close","ping_status":"open","sticky":false,"template":"","format":"standard","meta":{"footnotes":""},"categories":[3],"tags":[],"class_list":["post-20170","post","type-post","status-publish","format-standard","hentry","category-allgemeine","et-doesnt-have-format-content","et_post_format-et-post-format-standard"],"_links":{"self":[{"href":"https:\/\/www.best-dentist-dentistry.com\/de\/wp-json\/wp\/v2\/posts\/20170","targetHints":{"allow":["GET"]}}],"collection":[{"href":"https:\/\/www.best-dentist-dentistry.com\/de\/wp-json\/wp\/v2\/posts"}],"about":[{"href":"https:\/\/www.best-dentist-dentistry.com\/de\/wp-json\/wp\/v2\/types\/post"}],"author":[{"embeddable":true,"href":"https:\/\/www.best-dentist-dentistry.com\/de\/wp-json\/wp\/v2\/users\/1"}],"replies":[{"embeddable":true,"href":"https:\/\/www.best-dentist-dentistry.com\/de\/wp-json\/wp\/v2\/comments?post=20170"}],"version-history":[{"count":0,"href":"https:\/\/www.best-dentist-dentistry.com\/de\/wp-json\/wp\/v2\/posts\/20170\/revisions"}],"wp:attachment":[{"href":"https:\/\/www.best-dentist-dentistry.com\/de\/wp-json\/wp\/v2\/media?parent=20170"}],"wp:term":[{"taxonomy":"category","embeddable":true,"href":"https:\/\/www.best-dentist-dentistry.com\/de\/wp-json\/wp\/v2\/categories?post=20170"},{"taxonomy":"post_tag","embeddable":true,"href":"https:\/\/www.best-dentist-dentistry.com\/de\/wp-json\/wp\/v2\/tags?post=20170"}],"curies":[{"name":"wp","href":"https:\/\/api.w.org\/{rel}","templated":true}]}}