{"id":20216,"date":"2012-10-13T02:43:05","date_gmt":"2012-10-13T02:43:05","guid":{"rendered":null},"modified":"-0001-11-30T00:00:00","modified_gmt":"-0001-11-30T00:00:00","slug":"Baskische-Regierung-verweigert-gehen-die-Mitarbeiter-der-Bewehrung-in-der-Grundversorgung-in-den-kommenden-Monaten-zu-reduzieren","status":"publish","type":"post","link":"https:\/\/www.best-dentist-dentistry.com\/de\/Baskische-Regierung-verweigert-gehen-die-Mitarbeiter-der-Bewehrung-in-der-Grundversorgung-in-den-kommenden-Monaten-zu-reduzieren\/20216","title":{"rendered":"Baskische Regierung verweigert, gehen die Mitarbeiter der Bewehrung in der Grundversorgung in den kommenden Monaten zu reduzieren"},"content":{"rendered":"<p class=\"first\"> BILBAO, 20 (EUROPA PRESS)<\/p>\n<p>Der baskischen Gesundheitsamt sagte Mittwoch, die Bewehrung im medizinischen Personal in den kommenden Monaten reduzieren wird nicht. &#8220;Osakidetza soll nicht ihre Politik der Ersetzungen oder diesen Sommer oder in den kommenden Monaten \u00e4ndern.&#8221; &#8220;Dar\u00fcber hinaus es ist nachpr\u00fcfbar und nachweisbar, dass die Anzahl der Ersetzungen im Laufe der Monate gewachsen ist&#8221;, f\u00fcgte er hinzu. <\/p>\n<p>In einer Erkl\u00e4rung des Ministeriums unter der Regie von Rafael Bengoa so gegangen um den Durchgang der Vorw\u00fcrfe des Parlaments von der baskischen PP Laura Garrido, wer angeprangert hat, dass die baskische Regierung beabsichtigt, die Reduzierung des Personals Verst\u00e4rkung in medizinischen Zentren &#8220;in&#8221; die kommenden Monate verpflichten sich<\/p>\n<p> Osakidetza.<\/p>\n<p>Noting, die die parlamentarische PP-Vorw\u00fcrfe sind &#8220;absolut falsch und geringsten unbegr\u00fcndet&#8221;, Gesundheit hat gefordert, dass Garrido, die Anschuldigungen zu beweisen, die wurde dies Mittwoch, etwas versch\u00fcttet die, er hat festgestellt, &#8220;scheint nicht passiert &rsquo;.<\/p>\n","protected":false},"excerpt":{"rendered":"<p>BILBAO, 20 (EUROPA PRESS) Der baskischen Gesundheitsamt sagte Mittwoch, die Bewehrung im medizinischen Personal in den kommenden Monaten reduzieren wird nicht. &#8220;Osakidetza soll nicht ihre Politik der Ersetzungen oder diesen Sommer oder in den kommenden Monaten \u00e4ndern.&#8221; &#8220;Dar\u00fcber hinaus es ist nachpr\u00fcfbar und nachweisbar, dass die Anzahl der Ersetzungen im Laufe der Monate gewachsen ist&#8221;, [&hellip;]<\/p>\n","protected":false},"author":1,"featured_media":0,"comment_status":"close","ping_status":"open","sticky":false,"template":"","format":"standard","meta":{"footnotes":""},"categories":[3],"tags":[31218],"class_list":["post-20216","post","type-post","status-publish","format-standard","hentry","category-allgemeine","tag-torrubia","et-doesnt-have-format-content","et_post_format-et-post-format-standard"],"_links":{"self":[{"href":"https:\/\/www.best-dentist-dentistry.com\/de\/wp-json\/wp\/v2\/posts\/20216","targetHints":{"allow":["GET"]}}],"collection":[{"href":"https:\/\/www.best-dentist-dentistry.com\/de\/wp-json\/wp\/v2\/posts"}],"about":[{"href":"https:\/\/www.best-dentist-dentistry.com\/de\/wp-json\/wp\/v2\/types\/post"}],"author":[{"embeddable":true,"href":"https:\/\/www.best-dentist-dentistry.com\/de\/wp-json\/wp\/v2\/users\/1"}],"replies":[{"embeddable":true,"href":"https:\/\/www.best-dentist-dentistry.com\/de\/wp-json\/wp\/v2\/comments?post=20216"}],"version-history":[{"count":0,"href":"https:\/\/www.best-dentist-dentistry.com\/de\/wp-json\/wp\/v2\/posts\/20216\/revisions"}],"wp:attachment":[{"href":"https:\/\/www.best-dentist-dentistry.com\/de\/wp-json\/wp\/v2\/media?parent=20216"}],"wp:term":[{"taxonomy":"category","embeddable":true,"href":"https:\/\/www.best-dentist-dentistry.com\/de\/wp-json\/wp\/v2\/categories?post=20216"},{"taxonomy":"post_tag","embeddable":true,"href":"https:\/\/www.best-dentist-dentistry.com\/de\/wp-json\/wp\/v2\/tags?post=20216"}],"curies":[{"name":"wp","href":"https:\/\/api.w.org\/{rel}","templated":true}]}}