{"id":20227,"date":"2012-10-13T02:44:00","date_gmt":"2012-10-13T02:44:00","guid":{"rendered":null},"modified":"-0001-11-30T00:00:00","modified_gmt":"-0001-11-30T00:00:00","slug":"the-eu-will-tomorrow-debate-a-new-common-system-of-management-of-health-risks","status":"publish","type":"post","link":"https:\/\/www.best-dentist-dentistry.com\/de\/the-eu-will-tomorrow-debate-a-new-common-system-of-management-of-health-risks\/20227","title":{"rendered":"Die EU wird morgen ein neues gemeinsames Management von Gesundheitsrisiken debattieren."},"content":{"rendered":"<p class=\"first\"> Br\u00fcssel, 21 jun (EFE).-die EU-Gesundheitsminister werden morgen diskutieren, einen Vorschlag f\u00fcr eine Verordnung f\u00fcr Gesundheit Krisenmanagement auf europ\u00e4ischer Ebene, die die Reaktion auf F\u00e4lle wie die 2009 Grippe-Epidemie oder Ausbruch von E. Coli im vergangenen Jahr verbessern soll.<\/p>\n<p>Dies ist einer der wichtigsten Punkte des Gesundheit Rates der EU in Luxemburg, morgen stattfindenden spanische Vertretung in das Generalsekretariat der Gesundheit, Pilar Farjas mussbelegtwerden.<\/p>\n<p>Der urspr\u00fcngliche Vorschlag der Europ\u00e4ischen Kommission vorgeschlagenen geben mehr Energie EU Expertengremien Bedrohungen f\u00fcr die \u00f6ffentliche Gesundheit in einer Weise zu beurteilen, die &#8220;Health-Warnungen&#8221; auf europ\u00e4ischer Ebene bis der World Health Organization deklarieren kann (wer) do.<\/p>\n<p>Diese Ma\u00dfnahme w\u00fcrde beschleunigen den Prozess der Produktion und Distribution von Arzneimitteln &#8211; und in bestimmten Impfstoffen &#8211; in dem Fall, dass eine Gefahr f\u00fcr die Gesundheit beeinflussen mehrere Mitglieder, etwas besagt, die erlaubt nur den aktuellen Bestimmungen soweit das Risiko sich in zwei verschiedenen Kontinenten manifestiert und wer es erkl\u00e4rt &rsquo;internationale Notfall&rsquo;.<\/p>\n<p>Dar\u00fcber hinaus der Vorschlag erstellt eine Rechtsgrundlage, damit Mitgliedstaaten Impfstoffe in einer gemeinsamen und koordinierten Weise kaufen k\u00f6nnen, um Ungleichgewicht zu vermeiden, die \u00e4hnlich aufgetreten vor der Epidemie von Influenza a<\/p>\n<p>Zwischen den Punkten definiert werden ist der Umfang des gemeinsamen, um festzustellen, ob es nur f\u00fcr Infektionskrankheiten und chemische Gefahren oder nat\u00fcrlich, wie K\u00e4lte oder Hitzewellen, gelten w\u00fcrde laut diplomatischen Quellen erkl\u00e4rt.<\/p>\n<p>Der siebenundzwanzig m\u00fcssen auch entscheiden, wenn sie die Rolle des aktuellen Ausschusses der Gesundheit verst\u00e4rken droht (SCENIHR, f\u00fcr seine Abk\u00fcrzung in Englisch) EU offiziell zum &#8220;Beirat&#8221; der Kommission bei der Entscheidung \u00fcber m\u00f6gliche Bedrohungen f\u00fcr die \u00f6ffentliche Gesundheit oder auch die Ma\u00dfnahmen der Mitgliedstaaten zu koordinieren.<\/p>\n<p>In diesem Sinne zu diskutieren, wenn die vier Phasen der Reaktion auf m\u00f6gliche Gesundheitskrisen &#8211; epidemiologische \u00dcberwachung, alarmieren, Risikobewertung und die Verwaltung von it &#8211; k\u00f6nnen entscheiden, auf europ\u00e4ischer Ebene, da derzeit die ersten drei aufeinander abgestimmt sind, aber das vierte f\u00fcr die Mitgliedstaaten ist.<\/p>\n<p>Minister zustimmen, eine allgemeine Orientierung \u00fcber die neue Verordnung teilweise zwar der Zustand der Debatte deutet darauf hin, dass dies in den n\u00e4chsten sechs Monaten fortsetzen wird, sagte die gleichen Quellen versuchen.<\/p>\n<p>Auch, die 27 EU-Mitgliedstaaten werden versuchen, ihre Zustimmung zu dem Gesundheitsprogramm f\u00fcr den Zeitraum 2014-2020 geben, obwohl es gibt Diskrepanzen \u00fcber Punkte als Element der Diskriminierung positiv pr\u00e4sentieren in ihrem urspr\u00fcnglichen Vorschlag die L\u00e4nder mit niedrigerem pro-Kopf-Einkommen ermutigen soll.<\/p>\n<p>Es gibt auch Unterschiede \u00fcber die Ziele des Programms, die nach einigen L\u00e4ndern geben Sie Befugnisse der nationalen Regierungen, sagte diplomatische Quellen.<\/p>\n<p>The EC schl\u00e4gt das Programm eines Budgets von 446 Millionen Euro, davon die H\u00e4lfte verwendet werden, w\u00fcrde zu modernisieren die nationalen Gesundheitssysteme und Verbesserung des Zugangs der B\u00fcrger und der Rest, zur F\u00f6rderung der Pr\u00e4vention von Krankheiten und Schutz in grenz\u00fcberschreitenden gesundheitlichen Risiken geben.<\/p>\n<p>Jedoch der endg\u00fcltige Haushalt dieses Programms wird im Kontext der gesamten Verhandlungen \u00fcber die n\u00e4chste Finanzielle Vorausschau der EU entschieden werden.<\/p>\n<p>Wollen schlie\u00dflich, dass die 27 EU-Mitgliedstaaten einen Text der Schlussfolgerungen \u00fcber bakterielle Resistenz gegen Antibiotika, zur F\u00f6rderung von verantwortungsvoller Konsum dieser Drogen und zur F\u00f6rderung von Forschung und Entwicklung neuer Medikamente zu verabschieden. EFE<\/p>\n","protected":false},"excerpt":{"rendered":"<p>Br\u00fcssel, 21 jun (EFE).-die EU-Gesundheitsminister werden morgen diskutieren, einen Vorschlag f\u00fcr eine Verordnung f\u00fcr Gesundheit Krisenmanagement auf europ\u00e4ischer Ebene, die die Reaktion auf F\u00e4lle wie die 2009 Grippe-Epidemie oder Ausbruch von E. Coli im vergangenen Jahr verbessern soll. Dies ist einer der wichtigsten Punkte des Gesundheit Rates der EU in Luxemburg, morgen stattfindenden spanische Vertretung [&hellip;]<\/p>\n","protected":false},"author":1,"featured_media":0,"comment_status":"close","ping_status":"open","sticky":false,"template":"","format":"standard","meta":{"footnotes":""},"categories":[3],"tags":[31224,31223],"class_list":["post-20227","post","type-post","status-publish","format-standard","hentry","category-allgemeine","tag-debattieren","tag-regiert","et-doesnt-have-format-content","et_post_format-et-post-format-standard"],"_links":{"self":[{"href":"https:\/\/www.best-dentist-dentistry.com\/de\/wp-json\/wp\/v2\/posts\/20227","targetHints":{"allow":["GET"]}}],"collection":[{"href":"https:\/\/www.best-dentist-dentistry.com\/de\/wp-json\/wp\/v2\/posts"}],"about":[{"href":"https:\/\/www.best-dentist-dentistry.com\/de\/wp-json\/wp\/v2\/types\/post"}],"author":[{"embeddable":true,"href":"https:\/\/www.best-dentist-dentistry.com\/de\/wp-json\/wp\/v2\/users\/1"}],"replies":[{"embeddable":true,"href":"https:\/\/www.best-dentist-dentistry.com\/de\/wp-json\/wp\/v2\/comments?post=20227"}],"version-history":[{"count":0,"href":"https:\/\/www.best-dentist-dentistry.com\/de\/wp-json\/wp\/v2\/posts\/20227\/revisions"}],"wp:attachment":[{"href":"https:\/\/www.best-dentist-dentistry.com\/de\/wp-json\/wp\/v2\/media?parent=20227"}],"wp:term":[{"taxonomy":"category","embeddable":true,"href":"https:\/\/www.best-dentist-dentistry.com\/de\/wp-json\/wp\/v2\/categories?post=20227"},{"taxonomy":"post_tag","embeddable":true,"href":"https:\/\/www.best-dentist-dentistry.com\/de\/wp-json\/wp\/v2\/tags?post=20227"}],"curies":[{"name":"wp","href":"https:\/\/api.w.org\/{rel}","templated":true}]}}