{"id":20338,"date":"2012-10-14T02:41:19","date_gmt":"2012-10-14T02:41:19","guid":{"rendered":null},"modified":"-0001-11-30T00:00:00","modified_gmt":"-0001-11-30T00:00:00","slug":"environmental-experts-do-not-expect-anything-of-states-in-rio-20","status":"publish","type":"post","link":"https:\/\/www.best-dentist-dentistry.com\/de\/environmental-experts-do-not-expect-anything-of-states-in-rio-20\/20338","title":{"rendered":"environmental experts do not expect anything of states in rio 20"},"content":{"rendered":"<p class=\"first\"> Paris, 12 jun (EFE).-Umweltexperten, die auf dem Gipfel von Rio + 20 in Brasilien sagte heute bei der Pr\u00e4sentation von &#8220;Manifest f\u00fcr die R\u00fcckkehr in das Land&#8221; in Paris teilnehmen werden erwartet &#8220;nichts&#8221; in den Staaten, so Ihre Hoffnung &#8220;Zivilgesellschaft&#8221; gestartet wird.<\/p>\n<p>&#8220;Auf dem Gipfel gibt es eine Konfrontation zwischen den L\u00e4ndern des Nordens, besorgt \u00fcber die Krise und der aufstrebenden M\u00e4chte, die das Wachstum nur interessiert sind und nicht m\u00f6chten noch \u00fcber \u00f6kologische Fragen h\u00f6ren,&#8221; sagte Forscher Alfredo Pena Vega, wer das Manifest mit dem Philosophen und franz\u00f6sischer Soziologe Edgar Morin unterzeichnet.<\/p>\n<p>&#8220;Ich bin optimistisch, aber nur im Hinblick auf die Zivilgesellschaft&#8221;, &#8220;Staaten erwarten nicht alles&#8221;, sagte Pena Vega.<\/p>\n<p>Seine Stimme f\u00fcgt hinzu die von Umweltorganisationen wie der World Wide Fund (WWF), die das Risiko des Scheitern des Gipfels durch gewarnt des mangelndes Engagement der Herrscher oder die Politiker wie der franz\u00f6sische Pr\u00e4sident Fran\u00e7ois Hollande, der fragte, dass die wirtschaftliche Situation und die internationalen Krisen wie die Syrien die Umweltprobleme nicht vergessen.<\/p>\n<p>Brasilien, das Gastland der Konferenz, und einer der M\u00e4chte mit besseren wirtschaftlichen Perspektiven, war der am meisten kritisierte heute durch seine Politik Umwelt und insbesondere durch seine neuen Forstwirtschaft Code, sehr aggressiv mit dem Amazonas-Regenwald und gef\u00e4hrdet, die den Lebensstil der St\u00e4mme dieser Region.<\/p>\n<p>&#8220;Indianer und Bauern gespielte Leben in diesem Forum, aber wir spielen wir die Zukunft&#8221;, sagte der Pr\u00e4sident des Vereins Planeten Amazonia, Gert Peter Bruch, auch die Pr\u00e4sentation des Dokuments teilnahmen.<\/p>\n<p>Unter dem Titel &#8220;die Erde ist unruhig&#8221;, ein Seminar, das an der Universit\u00e4t von Rio De Janeiro von 18 bis 20 Juni parallel zum Gipfel stattfinden wird konzentriert sich auf die Notwendigkeit, die Sackgasse der petrochemischen Landwirtschaft R\u00fcckkehr nach Tradition und die L\u00f6sungsvorschl\u00e4ge von aufst\u00e4ndischen Bauern der L\u00e4nder des S\u00fcdens &#8220;zu brechen&#8221;.<\/p>\n<p>Seine Arbeit in der Stadt, die laut Experten &#8220;bei weitem \u00fcberschritten die Ergebnisse der intensiven industriellen Landwirtschaft&#8221;, wird in dieser Sitzung die zielt darauf ab, eine &#8220;gr\u00fcne Revolution&#8221; organisieren auf der Agrar\u00f6kologie Sterne.<\/p>\n<p>Unter dem Vorsitz von Morin, das Seminar haben auch Politiker wie der \u00d6kologen Pr\u00e4sidentschafts-Excandidatas von Brasilien, Frankreich, Marina Silva und Eva Joly, beziehungsweise, und Minister der Regierung von Ecuador, Maria-Fernanda Espinosa.<\/p>\n<p>&#8220;Es ist notwendig, die Bande zwischen dem Norden und S\u00fcden, zwischen der Stadt und des Landes zu st\u00e4rken&#8221;, sagte der Leiter der nationalen F\u00f6deration der biologischen Landwirtschaft Regionen von Frankreich (FNAB) Stephanie Pageot, auch die Pr\u00e4sentation des Manifests teilnahmen.<\/p>\n<p>Im Dokument, die Autoren sagen, dass &#8220;nur die l\u00e4ndliche Umgebung eine nachhaltige wirtschaftliche Wiederbelebung in einer Perspektive des Schutzes der Umwelt, die Erhaltung der nat\u00fcrlichen Ressourcen, Ern\u00e4hrungssicherung und Lebensqualit\u00e4t erm\u00f6glichen.<\/p>\n<p>&#8220;<\/p>\n<p>&#8220;Was ist wichtig, \u00fcber das Forum selbst, ist die B\u00fchne-Post-River&#8221;, sagte Vega Strafe auf die Umweltkonferenz, gesponsert von den Vereinten Nationen, dem hundert Staats- und Regierungschefs sowie Delegationen aus mehr als 170 L\u00e4ndern zwischen Juni 22 und die n\u00e4chsten 20 zusammenkommen werden. EFE<\/p>\n","protected":false},"excerpt":{"rendered":"<p>Paris, 12 jun (EFE).-Umweltexperten, die auf dem Gipfel von Rio + 20 in Brasilien sagte heute bei der Pr\u00e4sentation von &#8220;Manifest f\u00fcr die R\u00fcckkehr in das Land&#8221; in Paris teilnehmen werden erwartet &#8220;nichts&#8221; in den Staaten, so Ihre Hoffnung &#8220;Zivilgesellschaft&#8221; gestartet wird. &#8220;Auf dem Gipfel gibt es eine Konfrontation zwischen den L\u00e4ndern des Nordens, besorgt [&hellip;]<\/p>\n","protected":false},"author":1,"featured_media":0,"comment_status":"close","ping_status":"open","sticky":false,"template":"","format":"standard","meta":{"footnotes":""},"categories":[3],"tags":[],"class_list":["post-20338","post","type-post","status-publish","format-standard","hentry","category-allgemeine","et-doesnt-have-format-content","et_post_format-et-post-format-standard"],"_links":{"self":[{"href":"https:\/\/www.best-dentist-dentistry.com\/de\/wp-json\/wp\/v2\/posts\/20338","targetHints":{"allow":["GET"]}}],"collection":[{"href":"https:\/\/www.best-dentist-dentistry.com\/de\/wp-json\/wp\/v2\/posts"}],"about":[{"href":"https:\/\/www.best-dentist-dentistry.com\/de\/wp-json\/wp\/v2\/types\/post"}],"author":[{"embeddable":true,"href":"https:\/\/www.best-dentist-dentistry.com\/de\/wp-json\/wp\/v2\/users\/1"}],"replies":[{"embeddable":true,"href":"https:\/\/www.best-dentist-dentistry.com\/de\/wp-json\/wp\/v2\/comments?post=20338"}],"version-history":[{"count":0,"href":"https:\/\/www.best-dentist-dentistry.com\/de\/wp-json\/wp\/v2\/posts\/20338\/revisions"}],"wp:attachment":[{"href":"https:\/\/www.best-dentist-dentistry.com\/de\/wp-json\/wp\/v2\/media?parent=20338"}],"wp:term":[{"taxonomy":"category","embeddable":true,"href":"https:\/\/www.best-dentist-dentistry.com\/de\/wp-json\/wp\/v2\/categories?post=20338"},{"taxonomy":"post_tag","embeddable":true,"href":"https:\/\/www.best-dentist-dentistry.com\/de\/wp-json\/wp\/v2\/tags?post=20338"}],"curies":[{"name":"wp","href":"https:\/\/api.w.org\/{rel}","templated":true}]}}