{"id":20358,"date":"2012-10-14T02:44:59","date_gmt":"2012-10-14T02:44:59","guid":{"rendered":null},"modified":"-0001-11-30T00:00:00","modified_gmt":"-0001-11-30T00:00:00","slug":"solution-to-the-planet-ecocrisis-postponed-after-rio-20","status":"publish","type":"post","link":"https:\/\/www.best-dentist-dentistry.com\/de\/solution-to-the-planet-ecocrisis-postponed-after-rio-20\/20358","title":{"rendered":"L\u00f6sung f\u00fcr die Ecocrisis des Planeten verschoben nach Rio + 20"},"content":{"rendered":"<p class=\"first\"> nach der Rio + 20-Gipfel, die L\u00f6sung f\u00fcr die \u00f6kologische Krise des Planeten lag in der Luft und h\u00e4ngt von schwierigen Verhandlungen in den n\u00e4chsten drei Jahren und ein politischer Wille, dass L\u00e4nder nur z\u00f6gerlich auf den Tisch legen.<\/p>\n<p>&#8220;Das Dokument ist voll von Aktionen entwickelt werden&#8221; bis 2015, sondern &#8220;sie nehmen nur feste und effektive L\u00f6sungen, wenn es politische gibt werden der Regierungen und der Gesellschaft ausreichend Druck&#8221;, AFP Martin Khor, Direktor des Center S\u00fcd, ein Institut der Experten f\u00fcr L\u00e4nder in der Entwicklung sagte.<\/p>\n<p>Die Konferenz endete mit einem 53-Seite Plan mit dem Titel &#8220;Der Zukunft, wir wollen&#8221;, heftig kritisiert wurde, von Umweltsch\u00fctzern, gesellschaftlichen Organisationen, und die Regierungsdelegationen, die es als wenig ehrgeizig, zeitgleich mit einem Moment der Wirtschaftskrise, dass viel mehr Rampenlicht.<\/p>\n<p>Der Plan definiert Priorit\u00e4ten des Planeten als den Kampf gegen Armut und Hunger, Schutz der W\u00e4lder, Ozeane und Biodiversit\u00e4t und die Notwendigkeit einer nachhaltigen Landwirtschaft und Energie.<\/p>\n<p>Und fordert einen radikalen Wandel in das Muster der Produktion und Verbrauch und f\u00fcr die Schaffung der Ziele der nachhaltigen Entwicklung zu \u00f6kologischen und sozialen Ziele f\u00fcr alle L\u00e4nder.<\/p>\n<p>Aber alle Aktionen den bedrohten Planeten wiederherstellen sollten definiert und vom 191 L\u00e4ndern in einem Prozess, der im Jahr 2015 kulminieren sollte und das ist zweideutig, vereinbarten.<\/p>\n<p>&#8220;Wir gehen um zu arbeiten, dieses Paket von Entscheidungen muss so festgelegt werden, zwischen 2014 und 2015 die Fristen, die wir hier haben, sagte brasilianische Umweltminister, Izabella Teixeira.<\/p>\n<p>Asad Rehman, Leiter der Klima und Energie der Freunde der Erde, sagte: &#8220;Wir haben die Antworten auf die Probleme der Welt, aber unsere Politiker sind nicht bereit, ihnen in die Praxis umzusetzen&#8221;. Und verstorbenen: &#8220;der Rio + 20 nicht gab keine Hoffnung f\u00fcr Millionen von Menschen Hunger in der Welt und sie stehen auf einer t\u00e4glichen Basis die Auswirkungen des Zusammenbruchs der Weltwirtschaft&#8221;.<\/p>\n<p>L\u00f6sungen lassen sich nicht einfach in einer Welt der vielf\u00e4ltigen Probleme, die globale Erw\u00e4rmung verursacht mehr extreme Wetterereignisse, Entwaldung und bedrohte Meere, mit Armut und fast 1 Milliarde hungernden Menschen dr\u00fccken und was bis 2030 50 % mehr Nahrung, 45 % mehr Energie und 30 % mehr Wasser erfordert.<\/p>\n<p>In einem Interview mit dem Blog der AIA, Jeffrey Sachs, Direktor des Instituts f\u00fcr die Erde der Columbia University, angemerkt, dass die Millenniums-Entwicklungsziele, die Ziele f\u00fcr die L\u00e4nder die Herausforderungen von Armut, Hunger und Gesundheit auferlegt, einen gro\u00dfen Beitrag f\u00fcr die Probleme des Planeten, aber es war die Dynamik der Zivilgesellschaft, mobilisierte Unternehmen und Regierungen.<\/p>\n<p>&#8220;Eine Lektion gelernt: wir kann sich nicht auf die Politiker und Diplomaten, um sicherzustellen, dass die Arbeit getan ist&#8221;, abgeschlossenen.<\/p>\n<p>&#8220;Gibt das Ergebnis der Rio + 20 uns die Basis f\u00fcr soziale, wirtschaftliche und \u00f6kologische Wohlbefinden.&#8221; &#8220;Die Verantwortung f\u00fcr die Weiterentwicklung von dir,&#8221; sagte der Generalsekret\u00e4r der Vereinten Nationen, Ban Ki-Moon, am Abschluss.<\/p>\n<p>Umwelt, soziale Organisationen und von den Arbeitnehmern startete einen Aufruf zur Mobilisierung und versichert, dass sie die Z\u00fcgel an L\u00f6sungen zu erreichen nehmen.<\/p>\n<p>&#8220;Die Rio + 20 war ein episches Versagen.&#8221; Geschichte zeigt uns, dass die \u00c4nderung nur passiert, wenn anst\u00e4ndige Frauen und M\u00e4nner nicht genug loben. &#8220;Wir m\u00fcssen st\u00e4rker denn je sagen k\u00f6nnen&#8221;, sagte AFP den maximalen Vertreter von Greenpeace, Kumi Naidoo. &#8220;Wir werden diesen Kampf in viel st\u00e4rkerer Weise zu nehmen&#8221;.<\/p>\n<p>Der belgischen Minister f\u00fcr \u00f6ffentliche Unternehmen, die wissenschaftliche und politische Entwicklung, Paul Magnette, Zusammenarbeit Gespr\u00e4che mit dem Leiter der brasilianischen Gemeinschaft der Kayap\u00f3 Raoni (I) w\u00e4hrend eines Treffens in der RioCentro 22. Juni 2012. Nach der Rio + 20-Gipfel, die L\u00f6sung f\u00fcr die \u00f6kologische Krise des Planeten lag in der Luft und h\u00e4ngt von schwierigen Verhandlungen in den n\u00e4chsten drei Jahren und ein politischer Wille, dass L\u00e4nder nur z\u00f6gerlich auf den Tisch legen.<\/p>\n","protected":false},"excerpt":{"rendered":"<p>nach der Rio + 20-Gipfel, die L\u00f6sung f\u00fcr die \u00f6kologische Krise des Planeten lag in der Luft und h\u00e4ngt von schwierigen Verhandlungen in den n\u00e4chsten drei Jahren und ein politischer Wille, dass L\u00e4nder nur z\u00f6gerlich auf den Tisch legen. &#8220;Das Dokument ist voll von Aktionen entwickelt werden&#8221; bis 2015, sondern &#8220;sie nehmen nur feste und [&hellip;]<\/p>\n","protected":false},"author":1,"featured_media":0,"comment_status":"close","ping_status":"open","sticky":false,"template":"","format":"standard","meta":{"footnotes":""},"categories":[3],"tags":[31342],"class_list":["post-20358","post","type-post","status-publish","format-standard","hentry","category-allgemeine","tag-bipolar","et-doesnt-have-format-content","et_post_format-et-post-format-standard"],"_links":{"self":[{"href":"https:\/\/www.best-dentist-dentistry.com\/de\/wp-json\/wp\/v2\/posts\/20358","targetHints":{"allow":["GET"]}}],"collection":[{"href":"https:\/\/www.best-dentist-dentistry.com\/de\/wp-json\/wp\/v2\/posts"}],"about":[{"href":"https:\/\/www.best-dentist-dentistry.com\/de\/wp-json\/wp\/v2\/types\/post"}],"author":[{"embeddable":true,"href":"https:\/\/www.best-dentist-dentistry.com\/de\/wp-json\/wp\/v2\/users\/1"}],"replies":[{"embeddable":true,"href":"https:\/\/www.best-dentist-dentistry.com\/de\/wp-json\/wp\/v2\/comments?post=20358"}],"version-history":[{"count":0,"href":"https:\/\/www.best-dentist-dentistry.com\/de\/wp-json\/wp\/v2\/posts\/20358\/revisions"}],"wp:attachment":[{"href":"https:\/\/www.best-dentist-dentistry.com\/de\/wp-json\/wp\/v2\/media?parent=20358"}],"wp:term":[{"taxonomy":"category","embeddable":true,"href":"https:\/\/www.best-dentist-dentistry.com\/de\/wp-json\/wp\/v2\/categories?post=20358"},{"taxonomy":"post_tag","embeddable":true,"href":"https:\/\/www.best-dentist-dentistry.com\/de\/wp-json\/wp\/v2\/tags?post=20358"}],"curies":[{"name":"wp","href":"https:\/\/api.w.org\/{rel}","templated":true}]}}