{"id":20437,"date":"2012-10-15T02:30:17","date_gmt":"2012-10-15T02:30:17","guid":{"rendered":null},"modified":"-0001-11-30T00:00:00","modified_gmt":"-0001-11-30T00:00:00","slug":"the-eu-will-propose-boosting-the-green-economy-and-inclusive-in-rio-20","status":"publish","type":"post","link":"https:\/\/www.best-dentist-dentistry.com\/de\/the-eu-will-propose-boosting-the-green-economy-and-inclusive-in-rio-20\/20437","title":{"rendered":"the eu will propose boosting the green economy and inclusive in rio 20"},"content":{"rendered":"<p class=\"first\"> <span class=\"yshortcuts\" id=\"lw_1334836465_6\"> Horsens<\/span> (D\u00e4nemark), 19 APR (EFE).-die Europ\u00e4ische Union (<span class=\"yshortcuts\" id=\"lw_1334836465_0\"> EU<\/span>) wird weltweit auf der n\u00e4chsten Konferenz der Vereinten Nationen f\u00fcr nachhaltige Entwicklung Rio + 20 zu einer umweltfreundlichen Wirtschaft \u00f6kologisch und sozial integrativen verschieben vorschlagen.<\/p>\n<p>&#8220;Erstellen einer gr\u00fcnen Wirtschaft und kostenfrei f\u00fcr den Bau einer <span class=\"yshortcuts\"id=\"lw_1334836465_2\"> nachhaltigen Entwicklung<\/span>, dies ist das Rezept der EU verteidigen wird, Rio + 20, zur Bew\u00e4ltigung der Herausforderungen, die durch Armut und Klimawandel, sagte der d\u00e4nische Minister f\u00fcr <span class=\"yshortcuts\"id=\"lw_1334836465_4\"> Umwelt<\/span>, <span class=\"yshortcuts\"id=\"lw_1334836465_8\"> Ida Auken<\/span>, in einer Pressekonferenz heute.<\/p>\n<p>Auske, die als Host in informellen Ministerrats Umgebung statt, gestern und heute in Horsens (D\u00e4nemark) gehandelt hat, betonte, wie wichtig es ist, sich zusammen mit die Aspekten soziale, wirtschaftliche und \u00f6kologische L\u00f6sungen, da diese &#8220;untrennbar&#8221; sind erreichen.<\/p>\n<p>Europa geht an die Ernennung, die stattfinden wird von 20 bis 22 Juni in <span class=\"yshortcuts\" id=\"lw_1334836465_7\"> Rio De Janeiro<\/span> (Brasilien), bereit, sitzen am Tisch mit ihren Partnern internationale Fortschritte erzielen und h\u00f6ren Sie alle Vorschl\u00e4ge in den Worten des Auken.<\/p>\n<p>Insbesondere der 27 EU-Mitgliedstaaten m\u00fcssen mit lateinamerikanischen L\u00e4ndern, angef\u00fchrt von der Kolumbien-Block zu verhandeln, haben auf den Tisch gelegt wurden eigene Initiativen, die den Akzent auf die sozialen Inhalte und die Beseitigung der Armut.<\/p>\n<p>&rsquo; Das Konzept ist in der N\u00e4he, da die EU eine integrative gr\u00fcnen Wirtschaft spricht, wir sprechen nicht nur der Umwelt und Wirtschaft, wir kennen auch die sozialen Folgen und die Gerechtigkeit, die diese Richtlinien haben &rsquo; hinzugef\u00fcgt.<\/p>\n<p>Spanien wird versuchen, den erforderlichen Konsens auf beiden Seiten des Atlantiks aufgrund seiner historischen, kulturellen und sprachlichen Bindungen mit lateinamerikanischen L\u00e4ndern, als erkl\u00e4rte spanische Staatssekret\u00e4r f\u00fcr Umwelt, Federico Ramos, in Aussagen zu Efe erleichtern.<\/p>\n<p>&#8220;Spanien versteht, dass es lohnt Arbeiten durch die Verbindung der gr\u00fcnen Wirtschaft mit Zielen der nachhaltigen Entwicklung&#8221;, sagte der Staatssekret\u00e4r.<\/p>\n<p>F\u00fcr Ramos, der auch den Vorsitz des Programms der Vereinten Nationen f\u00fcr die Umwelt (UNEP) innehat, das Abkommen ist m\u00f6glich, wenn &#8220;wir alle f\u00fcr ihn gearbeitet&#8221; und f\u00fchlte sich dieser Farbton der Inklusivit\u00e4t, die den europ\u00e4ischen Ansatz in seine Bewerbung macht f\u00fcr die gr\u00fcne Wirtschaft kann eine Br\u00fccke zum Abkommen mit ihren lateinischen.<\/p>\n<p>Br\u00fcssel hat eine Liste mit f\u00fcnf Priorit\u00e4ten f\u00fcr Rio + 20 Verhandlungen erarbeitet: die effiziente Nutzung der Ressourcen und die Verwaltung der Abfall, Wasser und Land und Biodiversit\u00e4t, Energie, Ozeane; &#8220;S\u00e4ulen des Lebens&#8221;, in den Worten von EU-Kommissar f\u00fcr Umwelt Janez Potocnik.<\/p>\n<p>Potocnik war realistisch eher als optimistisch, was das Treffen wegen des Gewichts der Wirtschafts- und Finanzkrise, aber betonte die Bedeutung der Nachhaltigkeit, seit in der Umgebung von &#8220;wie der Finanzsektor,&#8221;, wenn nutzten mehr als was Sie haben, dann wird es schmerzhaft es zur\u00fcckzahlen kann.<\/p>\n<p>Der Gr\u00fcndung der Ziele oder Ziele f\u00fcr nachhaltige Entwicklung von der internationalen Gemeinschaft, eine Idee, welche Potocnik wurde zu gefallen, aber gibt es wenig Konsens \u00fcber die anderen Aspekte, die auf dem Tisch f\u00fcr Rio + 20 werden Jes<\/p>\n<p>Spanische Staatssekret\u00e4r darauf hingewiesen, dass besteht Interesse daran, solche Ma\u00dfnahmen zu ergreifen, aber es gibt noch viele Widerst\u00e4nde und Probleme durch mehrere L\u00e4nder, die es schwierig machen eine Vereinbarung erreichen in dieser Hinsicht in Rio + 20.<\/p>\n<p>Betont In jedem Fall Ramos, die europ\u00e4ischen L\u00e4nder sind klar der Konferenz &#8220;mit zum hinterlassen einer Nachricht von Engagement f\u00fcr nachhaltige Entwicklung&#8221; und werden f\u00fcr sie arbeiten.EFE<\/p>\n","protected":false},"excerpt":{"rendered":"<p>Horsens (D\u00e4nemark), 19 APR (EFE).-die Europ\u00e4ische Union ( EU) wird weltweit auf der n\u00e4chsten Konferenz der Vereinten Nationen f\u00fcr nachhaltige Entwicklung Rio + 20 zu einer umweltfreundlichen Wirtschaft \u00f6kologisch und sozial integrativen verschieben vorschlagen. &#8220;Erstellen einer gr\u00fcnen Wirtschaft und kostenfrei f\u00fcr den Bau einer nachhaltigen Entwicklung, dies ist das Rezept der EU verteidigen wird, Rio [&hellip;]<\/p>\n","protected":false},"author":1,"featured_media":0,"comment_status":"close","ping_status":"open","sticky":false,"template":"","format":"standard","meta":{"footnotes":""},"categories":[3],"tags":[],"class_list":["post-20437","post","type-post","status-publish","format-standard","hentry","category-allgemeine","et-doesnt-have-format-content","et_post_format-et-post-format-standard"],"_links":{"self":[{"href":"https:\/\/www.best-dentist-dentistry.com\/de\/wp-json\/wp\/v2\/posts\/20437","targetHints":{"allow":["GET"]}}],"collection":[{"href":"https:\/\/www.best-dentist-dentistry.com\/de\/wp-json\/wp\/v2\/posts"}],"about":[{"href":"https:\/\/www.best-dentist-dentistry.com\/de\/wp-json\/wp\/v2\/types\/post"}],"author":[{"embeddable":true,"href":"https:\/\/www.best-dentist-dentistry.com\/de\/wp-json\/wp\/v2\/users\/1"}],"replies":[{"embeddable":true,"href":"https:\/\/www.best-dentist-dentistry.com\/de\/wp-json\/wp\/v2\/comments?post=20437"}],"version-history":[{"count":0,"href":"https:\/\/www.best-dentist-dentistry.com\/de\/wp-json\/wp\/v2\/posts\/20437\/revisions"}],"wp:attachment":[{"href":"https:\/\/www.best-dentist-dentistry.com\/de\/wp-json\/wp\/v2\/media?parent=20437"}],"wp:term":[{"taxonomy":"category","embeddable":true,"href":"https:\/\/www.best-dentist-dentistry.com\/de\/wp-json\/wp\/v2\/categories?post=20437"},{"taxonomy":"post_tag","embeddable":true,"href":"https:\/\/www.best-dentist-dentistry.com\/de\/wp-json\/wp\/v2\/tags?post=20437"}],"curies":[{"name":"wp","href":"https:\/\/api.w.org\/{rel}","templated":true}]}}