{"id":20491,"date":"2012-10-15T02:44:34","date_gmt":"2012-10-15T02:44:34","guid":{"rendered":null},"modified":"-0001-11-30T00:00:00","modified_gmt":"-0001-11-30T00:00:00","slug":"pilar-farjas-opens-friday-at-sigaenza-guadalajara-the-iii-global-meeting-of-parliamentarians-of-health","status":"publish","type":"post","link":"https:\/\/www.best-dentist-dentistry.com\/de\/pilar-farjas-opens-friday-at-sigaenza-guadalajara-the-iii-global-meeting-of-parliamentarians-of-health\/20491","title":{"rendered":"pilar farjas opens friday at sigaenza guadalajara the iii global meeting of parliamentarians of health"},"content":{"rendered":"<p class=\"first\"> GUADALAJARA, 13 (EUROPA PRESS)<\/p>\n<p>Das Sekretariat allgemeine Gesundheit und Konsum, Pilar Farjas und der Pr\u00e4sident der Gesundheitskommission des Kongresses, Mario Mingo, eingeweiht am Freitag in Sig\u00fcenza (Guadalajara) das III Global Treffen der Parlamentarier der Gesundheit, in dem die Mitglieder der Kommissionen der Gesundheit der Kongress, Senat und autonome aller Assemblys das Land treffen, um zu diskutieren aktuelle Themen und die neuesten Gesundheitspolitik.<\/p>\n<p>Business Gruppe Gesundheit 2000, Herausgeber der Zeitschrift medizinische und schreiben medizinische Ver\u00f6ffentlichungen u.a. organisierte dieses Treffen stattfinden bis Samstag, 16., wie in der Pressemitteilung berichtet.<\/p>\n<p>Zur Er\u00f6ffnungszeremonie wird voraussichtlich teilnehmen, auch der B\u00fcrgermeister von Sig\u00fcenza, Jos\u00e9 Manuel Latre; der Pr\u00e4sident des nationalen Krankenhilfe, Partner dieser Begegnung, Miguel Carrero; der Pr\u00e4sident der Gesundheit 2000, Jos\u00e9 Mar\u00eda Pino und der Pr\u00e4sident des Organisationskomitees und Senator f\u00fcr die Partido Popular, Jes\u00fas Aguirre.<\/p>\n<p>A dieses III Global Treffen der Parlamentarier der Gesundheit haben best\u00e4tigt, Zeiterfassung, zus\u00e4tzlich zu mehr als 50 Parlamentarier aus im ganzen Land, der Minister f\u00fcr Gesundheit und soziale Angelegenheiten von Kastilien &#8211; La Mancha, Jos\u00e9 Ignacio Ech\u00e1niz; die Gesundheitsministerin von Valencia, Luis Rosado; Direktor des Imserso, C\u00e9sar Ant\u00f3n und der Pr\u00e4sident des Generalrats des offiziellen Colleges der ApothekerCarmen Pe\u00f1a.<\/p>\n<p>Best\u00e4tigt Parlamentarier geh\u00f6ren Conxita Tarruella, Sprecher der Konvergenz kam ich in die Gesundheitskommission des Kongresses; Nerea Ant\u00eda, Sprecher der PNV im baskischen Gesundheitskommission; Miguel Santalices, Sprecher der popul\u00e4ren Partei im Parlament von Galicien und Jos\u00e9 Manuel Freire, Sprecher der PSOE in der Gesundheitskommission der Assembly Madrid.<\/p>\n<p>Die Rolle des Interterritorial Rates der zentralen Einkauf von Gesundheitsprodukten, pharmazeutische politische Entscheidungen und Optimierung von Ressourcen zwischen \u00f6ffentlichen und privaten Gesundheit geh\u00f6ren zu den Themen w\u00e4hrend dieser zwei Tage in den Parador de Sig\u00fcenza diskutiert werden.<\/p>\n","protected":false},"excerpt":{"rendered":"<p>GUADALAJARA, 13 (EUROPA PRESS) Das Sekretariat allgemeine Gesundheit und Konsum, Pilar Farjas und der Pr\u00e4sident der Gesundheitskommission des Kongresses, Mario Mingo, eingeweiht am Freitag in Sig\u00fcenza (Guadalajara) das III Global Treffen der Parlamentarier der Gesundheit, in dem die Mitglieder der Kommissionen der Gesundheit der Kongress, Senat und autonome aller Assemblys das Land treffen, um zu [&hellip;]<\/p>\n","protected":false},"author":1,"featured_media":0,"comment_status":"close","ping_status":"open","sticky":false,"template":"","format":"standard","meta":{"footnotes":""},"categories":[3],"tags":[31467],"class_list":["post-20491","post","type-post","status-publish","format-standard","hentry","category-allgemeine","tag-vaterschaft","et-doesnt-have-format-content","et_post_format-et-post-format-standard"],"_links":{"self":[{"href":"https:\/\/www.best-dentist-dentistry.com\/de\/wp-json\/wp\/v2\/posts\/20491","targetHints":{"allow":["GET"]}}],"collection":[{"href":"https:\/\/www.best-dentist-dentistry.com\/de\/wp-json\/wp\/v2\/posts"}],"about":[{"href":"https:\/\/www.best-dentist-dentistry.com\/de\/wp-json\/wp\/v2\/types\/post"}],"author":[{"embeddable":true,"href":"https:\/\/www.best-dentist-dentistry.com\/de\/wp-json\/wp\/v2\/users\/1"}],"replies":[{"embeddable":true,"href":"https:\/\/www.best-dentist-dentistry.com\/de\/wp-json\/wp\/v2\/comments?post=20491"}],"version-history":[{"count":0,"href":"https:\/\/www.best-dentist-dentistry.com\/de\/wp-json\/wp\/v2\/posts\/20491\/revisions"}],"wp:attachment":[{"href":"https:\/\/www.best-dentist-dentistry.com\/de\/wp-json\/wp\/v2\/media?parent=20491"}],"wp:term":[{"taxonomy":"category","embeddable":true,"href":"https:\/\/www.best-dentist-dentistry.com\/de\/wp-json\/wp\/v2\/categories?post=20491"},{"taxonomy":"post_tag","embeddable":true,"href":"https:\/\/www.best-dentist-dentistry.com\/de\/wp-json\/wp\/v2\/tags?post=20491"}],"curies":[{"name":"wp","href":"https:\/\/api.w.org\/{rel}","templated":true}]}}