{"id":20568,"date":"2012-10-16T02:31:50","date_gmt":"2012-10-16T02:31:50","guid":{"rendered":null},"modified":"-0001-11-30T00:00:00","modified_gmt":"-0001-11-30T00:00:00","slug":"ugt-andalusia-insists-that-health-care-reform-is-the-rupture-with-the-current-system","status":"publish","type":"post","link":"https:\/\/www.best-dentist-dentistry.com\/de\/ugt-andalusia-insists-that-health-care-reform-is-the-rupture-with-the-current-system\/20568","title":{"rendered":"ugt andalusia insists that health care reform is the rupture with the current system"},"content":{"rendered":"<p class=\"first\"> HUELVA, 25 (EUROPA PRESS)<\/p>\n<p>Der Parteisekret\u00e4r der <span class=\"yshortcuts\" id=\"lw_1335372470_5\"> UGT<\/span> in Andalusien, <span class=\"yshortcuts\" id=\"lw_1335372470_0\"> Manuel Pastrana<\/span>, hat Mittwoch angedeutet, dass Gesundheitsreform von der zentralen <span class=\"yshortcuts\" id=\"lw_1335372470_1\"> Regierung<\/span> gef\u00f6rdert &#8220;einen klaren Bruch&#8221; mit dem Gesundheitswesen Modell in Spanien seit den 1980er Jahren gegr\u00fcndet und versicherte B\u00fcrger, die hinzugef\u00fcgt darstellt, dass &#8220;nur diejenigen, die die Regierung als Personen haben Zugang zu medizinischer Versorgung Versicherter&#8221;.<\/p>\n<p>Hat die Pressekonferenz in Huelva, <span class=\"yshortcuts\" id=\"lw_1335372470_2\"> Pastrana<\/span>, begleitet von den provinziellen Sekret\u00e4r, Jorge Puente, betont, im Umfang der Reform die bezieht sich auf 26 Jahren gegr\u00fcndet. Speziell die F\u00fchrer der UGT sagte, dass diese Ma\u00dfnahme &#8220;ein neuer Schlag&#8221;, d. h. ist im Alter von 26, die sind nicht versichert und die nicht notiert haben nie &#8220;k\u00f6nnen nur die Bereitstellung der Gesundheitsversorgung durch die Zahlung des entsprechenden Entgelts erhalten&#8221;.<\/p>\n<p>F\u00fcr diese Ma\u00dfnahme ist ein Kollektiv, in denen 50 Prozent sind &#8220;ungerecht&#8221; Pastrana arbeitslos und mit wenigen M\u00f6glichkeiten des Zugriffs auf einen Job, ein Kollektiv, als er hat darauf bestanden Pastrana, &#8220;das sollten wir verw\u00f6hnen&#8221;.<\/p>\n<p>, Sobald Menschen im Ruhestand, bem\u00e4ngelte, dass die Regierung Sie sie als &#8220;verantwortlich&#8221; streichen, die heraus Tonnen Drogen pro Jahr ausgel\u00f6st werden, als ob Rentner zu Arzneimitteln zu der Laune Zugang oder als ob es nicht das <span class=\"yshortcuts\" id=\"lw_1335372470_7\"> Gesundheitssystem<\/span> durch Fachleute, Verschreibung von Medikamenten f\u00fcr Rentner vor.<\/p>\n<p>Auch Futtermittel sprach von Migranten zu kritisieren <span class=\"yshortcuts\" id=\"lw_1335372470_6\"> Gesundheitsministerin<\/span>, Ana Mato, nach den <span class=\"yshortcuts\" id=\"lw_1335372470_3\"> letzten Ministerrat<\/span> &#8220;Fremdenfeindlichkeit in Anbetracht die Ausgrenzung von Zuwanderern in das Gesundheitssystem&#8221;. Wie sie weiterhin, Mato &#8220;legt die Einwanderer aus \u00fcberm\u00e4\u00dfigen Ausgaben, die das Gesundheitssystem hat Schuld und haftet an Gesundheitszentren ohne Zahlen ausl\u00e4ndische&#8221;.<\/p>\n<p>Auf der anderen Seite hat gem\u00e4\u00df den Anstieg der Zinss\u00e4tze Universit\u00e4t, in denen diese Ma\u00dfnahme &#8220;sein, die Sch\u00fcler zu vertreiben, deren Familien nicht in der Lage sind, die Kosten der Preise zu widerstehen&#8221;, die hinzugef\u00fcgt, die diese Situation &#8220;bricht mit dem Wert der Gleichheit &rsquo;.<\/p>\n<p>Pastrana In diesem Zusammenhang betonte, &#8220;Es gibt eine deutliche Strategie bringen neue Generationen auf eine Privatisierung des Systems&#8221; sowie mit der Regierung &#8220;in ein paar Monaten Spanien hat zogen sich nach dem, was in der Vergangenheit erreicht wurde 30 Jahre und was \u00fcbrig bleibt ist der Protest und Konflikt&#8221;.<\/p>\n<p>Aufrufe an die Mobilisierung<\/p>\n<p>Daher hat der F\u00fchrer der UGT aufgerufen, um die Demonstrationen, die findet am Sonntag um die Rechte der B\u00fcrger zu &#8220;verteidigen&#8221;, in Bezug auf die Politik der Zur\u00fcckhaltung wird durchgef\u00fchrt von der Zentralregierung beitreten.<\/p>\n<p>Manuel Pastrana hat betont, dass seit UGT &#8220;sie nicht Spanien zulassen werden zu werden, das europ\u00e4ische Recht und das spanische Bauernhaus und im Gange das kommerzialisierten Services-Objektmodell zu setzen&#8221; um &#8220;Gesch\u00e4fte mit Bildung, Abh\u00e4ngigkeit oder Besch\u00e4ftigung zu machen&#8221;.    <\/p>\n","protected":false},"excerpt":{"rendered":"<p>HUELVA, 25 (EUROPA PRESS) Der Parteisekret\u00e4r der UGT in Andalusien, Manuel Pastrana, hat Mittwoch angedeutet, dass Gesundheitsreform von der zentralen Regierung gef\u00f6rdert &#8220;einen klaren Bruch&#8221; mit dem Gesundheitswesen Modell in Spanien seit den 1980er Jahren gegr\u00fcndet und versicherte B\u00fcrger, die hinzugef\u00fcgt darstellt, dass &#8220;nur diejenigen, die die Regierung als Personen haben Zugang zu medizinischer Versorgung [&hellip;]<\/p>\n","protected":false},"author":1,"featured_media":0,"comment_status":"close","ping_status":"open","sticky":false,"template":"","format":"standard","meta":{"footnotes":""},"categories":[3],"tags":[],"class_list":["post-20568","post","type-post","status-publish","format-standard","hentry","category-allgemeine","et-doesnt-have-format-content","et_post_format-et-post-format-standard"],"_links":{"self":[{"href":"https:\/\/www.best-dentist-dentistry.com\/de\/wp-json\/wp\/v2\/posts\/20568","targetHints":{"allow":["GET"]}}],"collection":[{"href":"https:\/\/www.best-dentist-dentistry.com\/de\/wp-json\/wp\/v2\/posts"}],"about":[{"href":"https:\/\/www.best-dentist-dentistry.com\/de\/wp-json\/wp\/v2\/types\/post"}],"author":[{"embeddable":true,"href":"https:\/\/www.best-dentist-dentistry.com\/de\/wp-json\/wp\/v2\/users\/1"}],"replies":[{"embeddable":true,"href":"https:\/\/www.best-dentist-dentistry.com\/de\/wp-json\/wp\/v2\/comments?post=20568"}],"version-history":[{"count":0,"href":"https:\/\/www.best-dentist-dentistry.com\/de\/wp-json\/wp\/v2\/posts\/20568\/revisions"}],"wp:attachment":[{"href":"https:\/\/www.best-dentist-dentistry.com\/de\/wp-json\/wp\/v2\/media?parent=20568"}],"wp:term":[{"taxonomy":"category","embeddable":true,"href":"https:\/\/www.best-dentist-dentistry.com\/de\/wp-json\/wp\/v2\/categories?post=20568"},{"taxonomy":"post_tag","embeddable":true,"href":"https:\/\/www.best-dentist-dentistry.com\/de\/wp-json\/wp\/v2\/tags?post=20568"}],"curies":[{"name":"wp","href":"https:\/\/api.w.org\/{rel}","templated":true}]}}