{"id":20618,"date":"2012-10-16T02:43:43","date_gmt":"2012-10-16T02:43:43","guid":{"rendered":null},"modified":"-0001-11-30T00:00:00","modified_gmt":"-0001-11-30T00:00:00","slug":"rousseff-stressed-ecological-effort-to-brazil-a-few-days-before-the-rio-20","status":"publish","type":"post","link":"https:\/\/www.best-dentist-dentistry.com\/de\/rousseff-stressed-ecological-effort-to-brazil-a-few-days-before-the-rio-20\/20618","title":{"rendered":"Rousseff betonte \u00f6kologische Aufwand nach Brasilien, wenige Tage vor der Rio + 20"},"content":{"rendered":"<p class=\"first\"> Brasilia, 11 jun (<span class=\"yshortcuts\" id=\"lw_1339416262_3\"> EFE<\/span>).-<span class=\"yshortcuts\" id=\"lw_1339416262_0\"> Brasilien<\/span> &#8220;hat das Privileg, den gr\u00f6\u00dften Raum der <span class=\"yshortcuts\"id=\"lw_1339416262_5\"> W\u00e4lder der Welt&#8221;<\/span> und kann &#8220;bin stolz f\u00fcr die M\u00fche, die Macht, sie zu sch\u00fctzen&#8221;, sagte heute die Pr\u00e4sidentin <span class=\"yshortcuts\" id=\"lw_1339416262_1\"> Dilma Rousseff<\/span>, fast am Vorabend der Konferenz \u00fcber nachhaltige Entwicklung Rio + 20.<\/p>\n<p>Die Vorbereitungsphase der Konferenz, die zwei Jahrzehnte nach dem <span class=\"yshortcuts\" id=\"lw_1339416262_8\"> Erdgipfel<\/span> (Eco92) stattfinden wird, beginnt in <span class=\"yshortcuts\" id=\"lw_1339416262_7\"> Rio De Janeiro<\/span> am kommenden Mittwoch, und wird eine globale Debatte \u00fcber die Notwendigkeit einer neuen produktiven und wirtschaftlichen Modellen, die gr\u00f6\u00dferen Schutz der Umwelt f\u00f6rdern.<\/p>\n<p>Zwischen den n\u00e4chsten Tagen 20 und 22, d\u00fcrften f\u00fcr die Endphase der Delegationen aus rund 180 L\u00e4ndern, davon rund hundert durch ihre Staats- und Regierungschefs vertreten wird treffen.<\/p>\n<p>Rousseff heute gewidmet seiner regul\u00e4ren Radio-Show jeden Montag kommentieren Daten werden letzte Woche, wonach die Preise der Entwaldung im Amazonasgebiet weiterhin stetig fallen.<\/p>\n<p>Der Vorsitzende zugeschrieben dieser R\u00fcckgang &#8220;der starke Aktion der Regierung&#8221; in der F\u00f6rderung der weniger aggressive Entwicklungspolitik mit dem \u00d6kosystem sowie die Umweltkriminalit\u00e4t Kontrolle.<\/p>\n<p>Sagte &#8220;Es ist auch wichtig zu sagen, dass wir angeboten haben, Alternativen f\u00fcr Produktion und Einkommen der Bev\u00f6lkerung lebt in den W\u00e4ldern, so dass sie k\u00f6nnen produzieren und ihren Lebensunterhalt zu gew\u00e4hrleisten, ohne die Umwelt zu zerst\u00f6ren&#8221;.<\/p>\n<p>Verwiesen wird, unter andere Pl\u00e4ne, die so genannte &#8220;gr\u00fcne Tasche&#8221;, ein Rahmenprogramm, durch die die Regierung 300 Real (ca. $150) pro Monat, um die Familien von Kleinbauern in der Amazonas-Region, im Austausch f\u00fcr das Engagement der nicht Desforestar neue Bereiche bietet.<\/p>\n<p>Staatschef darauf bestanden, dass Brasilien hat &#8220;fast 80 Prozent der Amazonas-Region&#8221; erhalten und im Vergleich dieser Daten mit denen h\u00e4lt Europa, Kontinent, der sagte, &#8220;das h\u00e4lt nur etwa 10 Prozent&#8221; von ihrer urspr\u00fcnglichen \u00d6kosysteme.<\/p>\n<p>Nach Rousseff, Brasilien hat begonnen, entwerfen und implementieren ein neues Modell der nachhaltigen Entwicklung, die auf die F\u00f6rderung des Wirtschaftswachstums mit soziale Eingliederung und die Bewahrung der Umwelt abzielt.<\/p>\n<p>&#8220;Das ist, was wir w\u00e4hrend der Konferenz Rio + 20 zu pr\u00e4sentieren&#8221;, sagte Rousseff. EFE<\/p>\n","protected":false},"excerpt":{"rendered":"<p>Brasilia, 11 jun ( EFE).- Brasilien &#8220;hat das Privileg, den gr\u00f6\u00dften Raum der W\u00e4lder der Welt&#8221; und kann &#8220;bin stolz f\u00fcr die M\u00fche, die Macht, sie zu sch\u00fctzen&#8221;, sagte heute die Pr\u00e4sidentin Dilma Rousseff, fast am Vorabend der Konferenz \u00fcber nachhaltige Entwicklung Rio + 20. Die Vorbereitungsphase der Konferenz, die zwei Jahrzehnte nach dem Erdgipfel [&hellip;]<\/p>\n","protected":false},"author":1,"featured_media":0,"comment_status":"close","ping_status":"open","sticky":false,"template":"","format":"standard","meta":{"footnotes":""},"categories":[3],"tags":[],"class_list":["post-20618","post","type-post","status-publish","format-standard","hentry","category-allgemeine","et-doesnt-have-format-content","et_post_format-et-post-format-standard"],"_links":{"self":[{"href":"https:\/\/www.best-dentist-dentistry.com\/de\/wp-json\/wp\/v2\/posts\/20618","targetHints":{"allow":["GET"]}}],"collection":[{"href":"https:\/\/www.best-dentist-dentistry.com\/de\/wp-json\/wp\/v2\/posts"}],"about":[{"href":"https:\/\/www.best-dentist-dentistry.com\/de\/wp-json\/wp\/v2\/types\/post"}],"author":[{"embeddable":true,"href":"https:\/\/www.best-dentist-dentistry.com\/de\/wp-json\/wp\/v2\/users\/1"}],"replies":[{"embeddable":true,"href":"https:\/\/www.best-dentist-dentistry.com\/de\/wp-json\/wp\/v2\/comments?post=20618"}],"version-history":[{"count":0,"href":"https:\/\/www.best-dentist-dentistry.com\/de\/wp-json\/wp\/v2\/posts\/20618\/revisions"}],"wp:attachment":[{"href":"https:\/\/www.best-dentist-dentistry.com\/de\/wp-json\/wp\/v2\/media?parent=20618"}],"wp:term":[{"taxonomy":"category","embeddable":true,"href":"https:\/\/www.best-dentist-dentistry.com\/de\/wp-json\/wp\/v2\/categories?post=20618"},{"taxonomy":"post_tag","embeddable":true,"href":"https:\/\/www.best-dentist-dentistry.com\/de\/wp-json\/wp\/v2\/tags?post=20618"}],"curies":[{"name":"wp","href":"https:\/\/api.w.org\/{rel}","templated":true}]}}