{"id":2067,"date":"2014-07-15T11:08:13","date_gmt":"2014-07-15T11:08:13","guid":{"rendered":null},"modified":"2014-07-15T11:08:13","modified_gmt":"2014-07-15T11:08:13","slug":"spain-host-of-the-vii-international-congress-of-promotion-to-the-consumption-of-fruits-and-vegetables","status":"publish","type":"post","link":"https:\/\/www.best-dentist-dentistry.com\/de\/spain-host-of-the-vii-international-congress-of-promotion-to-the-consumption-of-fruits-and-vegetables\/2067","title":{"rendered":"Spanien, Host des internationalen Kongresses VII F\u00f6rderung den Verzehr von Obst und Gem\u00fcse."},"content":{"rendered":"<p><strong>Spanien, Host des internationalen Kongresses VII F\u00f6rderung den Verzehr von Obst und Gem\u00fcse. <\/p>\n<p><\/strong> <font size=\"2\"> <strong>findet in Madrid am 18-19 Oktober in IFEMA, unter dem Motto &#8221; 5 am Tag, Gesundheit &#8221;. <br \/><\/strong> <\/p>\n<p>-die Association-Spanisch-5 am Tag, Organisation der gr\u00f6\u00dften internationalen Veranstaltung zur Sektoren, die im Zusammenhang mit den verschiedenen Verbindungen in der Kette des Sektors Obst und Gem\u00fcse: Gro\u00dfh\u00e4ndler, Produktion, Handel, Herkunft, Vertrieb und Service-Unternehmen. Dieser Gruppe haben die Mitglieder der wissenschaftlichen, medizinischen und pharmazeutischen Gemeinschaft <\/p>\n<p>-Joaquin K\u00f6nig, Pr\u00e4sident der  5 am Tag &#8221; in Spanien, unterstrich die Bedeutung des Treffens in unserem Land, ist der gr\u00f6\u00dfte Produzent von frischem Obst und Gem\u00fcse von hoher Qualit\u00e4t in der Welt und hat bedeutende Lautsprecher in verschiedenen Bereichen zwischen anderen Dr. David Bosshart, der die Gottlieb Duttweiler Institut der Schweiz, Tim Lobstein Direktor der Politiken und Programme der internationalen Vereinigung f\u00fcr die Studie von Adipositas und Agneta Yngve Spezialist in Ern\u00e4hrung und Gesundheit der norwegischen Karolinska Institut <\/p>\n<p> &#8211; in dieser Ausgabe, Schwerpunkt auf Elemente, die mit Obst und Gem\u00fcse und den Kampf als Fettleibigkeit <\/p>\n<p>-f\u00fchrt auch zu Cape Sitzungen gekocht, Pr\u00e4sentation und Rezepte verschiedener Produkte <\/p>\n<p> <strong>Spanien, Oktober 2011<\/strong>  Spanien ist eines der f\u00fcnf L\u00e4nder der Welt mit der gr\u00f6\u00dften Zahl der \u00fcbergewichtigen Kinder, zusammen mit Gro\u00dfbritannien, Kanada, USA und Italien. In nur zwei Jahrzehnten unseres Landes hat sich von 5 % auf 16,1 % der \u00fcbergewichtige Kinder zwischen 6 und 12 Jahren Spanien an der Spitze von \u00dcbergewicht in Europa zusammen mit Italien, Malta, Gro\u00dfbritannien &#8221; sagt Joaquin King, Pr\u00e4sident der Organisation  5 am Tag &#8221; in Spanien. <\/p>\n<p>Ein weit verbreitetes Problem in der gesamten Bev\u00f6lkerung und betrifft nicht nur die wissenschaftliche und medizinische Gemeinschaft, sondern die Unternehmen im Sektor Gesicht entschieden, so dass wird st\u00e4rken und den Sektor Obst und Gem\u00fcse in unser Land sch\u00fctzen.  die so genannte Krise der Gurke war ein klares Beispiel f\u00fcr die Notwendigkeit, die Herstellung von Obst und Gem\u00fcse zu sch\u00fctzen, aber nicht nur aus einem Punkt Verteidigung, aber die F\u00f6rderung dieser Produkte, mit denen wir uns alle einig, dass f\u00fcr Menschen gesund und verhindert, dass viele Krankheiten mit der daraus resultierenden Einsparungen bei den Ausgaben f\u00fcr Gesundheit &#8221; sagte K\u00f6nig, die hinzuf\u00fcgen, die  eine gute Politik f\u00fcr die F\u00f6rderung der Gewohnheiten gute Integrit\u00e4tsrichtlinie lautet &#8221;. <\/p>\n<p> 5 am Tag, organisiert die internationalen Kongress-F\u00f6rderung VII Verbrauch von Obst und Gem\u00fcse unter dem Motto  5 ein Tag gesundheitliches Problem &#8221; und, die w\u00e4hrend der zwei Tage, offen f\u00fcr die interessierte \u00d6ffentlichkeit spricht der neuen Herausforderungen im Bereich der gesundedie wissenschaftliche Erkenntnisse, die im Zusammenhang mit dem Verzehr von Obst kann diskutieren mit den f\u00fchrenden Spezialisten und Gem\u00fcse bei verschiedenen Krankheiten, erkunden bew\u00e4hrter Praktiken bei der F\u00f6rderung im Bereich der Wirtschaft und Vermarktung von Walderzeugnissen, werden verschiedene internationale Erfahrungen in diesem Bereich und die M\u00f6glichkeiten eines generieren Sektors Besch\u00e4ftigung und Wohlstand in Spanien. <\/p>\n<p>Auch erfolgt Sitzung gekocht, Pr\u00e4sentation und verschiedene gesunde Produkte mit wichtigen K\u00f6che Cookbook. <\/p>\n<p><strong>Was ist die D\u00eda:<\/strong> 5 <\/p>\n<p> 5 am Tag &#8221; ist eine internationale Bewegung, die den Verbrauch von Obst und Gem\u00fcse f\u00f6rdert. Es entstand in den Vereinigten Staaten im Jahr 1989, als Reaktion auf die alarmierende Verschlechterung der Ern\u00e4hrungsgewohnheiten, die eine bedeutende Abnahme in der Verzehr von Obst und Gem\u00fcse, die ein erh\u00f6htes Risiko f\u00fcr verschiedene Krankheiten leiden. Es ist in mehr als vierzig L\u00e4ndern auf f\u00fcnf Kontinenten, die mehr Strategie zur F\u00f6rderung der Verzehr von Obst und Gem\u00fcse in der Welt darstellt. <\/p>\n<p>  5 am Tag &#8221; arbeitet in der Zeile der wichtige Foren und Organisationen auf der ganzen Welt, die auch ihre Unterst\u00fctzung und Ihr Interesse an der Initiative zu zeigen: <\/p>\n<p>-World Health Organization (die) <\/p>\n<p>-Ern\u00e4hrungs- und Landwirtschaftsorganisation (FAO) <\/p>\n<p>-Europ\u00e4isches Institut f\u00fcr Krebsforschung <\/p>\n<p>-EU <\/p>\n<p> <strong> 5 pro Tag&#8221; in Spanien: <br \/><\/strong> <br \/> in Spanien ist die Entit\u00e4t, die diese Initiative seit dem Jahr 2000 auf eine autonome Weise verwaltet der Verein zur F\u00f6rderung des Verbrauchs von Obst und Gem\u00fcse  5 am Tag &#8221;. Es ist eine Vereinigung ohne Geist des Profits und auf nationaler Ebene, die die verschiedenen Glieder der Kette des Sektors Obst und Gem\u00fcse besteht: Gro\u00dfh\u00e4ndler, Produktion, Handel, Herkunft, Vertrieb und Service-Unternehmen. Dieser Gruppe haben die Mitglieder der wissenschaftlichen und medizinischen Gemeinschaft. <\/p>\n<p><\/font><\/p>\n","protected":false},"excerpt":{"rendered":"<p>Spanien, Host des internationalen Kongresses VII F\u00f6rderung den Verzehr von Obst und Gem\u00fcse. findet in Madrid am 18-19 Oktober in IFEMA, unter dem Motto &#8221; 5 am Tag, Gesundheit &#8221;. -die Association-Spanisch-5 am Tag, Organisation der gr\u00f6\u00dften internationalen Veranstaltung zur Sektoren, die im Zusammenhang mit den verschiedenen Verbindungen in der Kette des Sektors Obst und [&hellip;]<\/p>\n","protected":false},"author":1,"featured_media":0,"comment_status":"close","ping_status":"open","sticky":false,"template":"","format":"standard","meta":{"footnotes":""},"categories":[3],"tags":[7649],"class_list":["post-2067","post","type-post","status-publish","format-standard","hentry","category-allgemeine","tag-formalisiert","et-doesnt-have-format-content","et_post_format-et-post-format-standard"],"_links":{"self":[{"href":"https:\/\/www.best-dentist-dentistry.com\/de\/wp-json\/wp\/v2\/posts\/2067","targetHints":{"allow":["GET"]}}],"collection":[{"href":"https:\/\/www.best-dentist-dentistry.com\/de\/wp-json\/wp\/v2\/posts"}],"about":[{"href":"https:\/\/www.best-dentist-dentistry.com\/de\/wp-json\/wp\/v2\/types\/post"}],"author":[{"embeddable":true,"href":"https:\/\/www.best-dentist-dentistry.com\/de\/wp-json\/wp\/v2\/users\/1"}],"replies":[{"embeddable":true,"href":"https:\/\/www.best-dentist-dentistry.com\/de\/wp-json\/wp\/v2\/comments?post=2067"}],"version-history":[{"count":0,"href":"https:\/\/www.best-dentist-dentistry.com\/de\/wp-json\/wp\/v2\/posts\/2067\/revisions"}],"wp:attachment":[{"href":"https:\/\/www.best-dentist-dentistry.com\/de\/wp-json\/wp\/v2\/media?parent=2067"}],"wp:term":[{"taxonomy":"category","embeddable":true,"href":"https:\/\/www.best-dentist-dentistry.com\/de\/wp-json\/wp\/v2\/categories?post=2067"},{"taxonomy":"post_tag","embeddable":true,"href":"https:\/\/www.best-dentist-dentistry.com\/de\/wp-json\/wp\/v2\/tags?post=2067"}],"curies":[{"name":"wp","href":"https:\/\/api.w.org\/{rel}","templated":true}]}}