{"id":20701,"date":"2012-10-17T02:45:27","date_gmt":"2012-10-17T02:45:27","guid":{"rendered":null},"modified":"-0001-11-30T00:00:00","modified_gmt":"-0001-11-30T00:00:00","slug":"bogotas-mayor-returns-to-his-office-after-drainage-of-blood-clots-in-the-head","status":"publish","type":"post","link":"https:\/\/www.best-dentist-dentistry.com\/de\/bogotas-mayor-returns-to-his-office-after-drainage-of-blood-clots-in-the-head\/20701","title":{"rendered":"B\u00fcrgermeister von Bogot\u00e1 kehrt in sein B\u00fcro nach Entw\u00e4sserung von Blutgerinnseln in den Kopf"},"content":{"rendered":"<p class=\"first\"> Bogota, 25 jun (EFE).-der B\u00fcrgermeister von Bogot\u00e1, Gustavo Petro, kehrte heute nach seiner \u00fcblichen Arbeit neun Tage nach der Operation f\u00fcr die Entw\u00e4sserung von Blutgerinnsel im Kopf, unterzogen worden sind Quellen in seinem B\u00fcro.<\/p>\n<p>Das hohe Amt 52 Jahre &#8220;ist es wiedereingesetzt auf seine Funktionen am Montag nach der Durchf\u00fchrung eines Protokoll-Besuchs des Vizepr\u00e4sidenten der Republik, Angeleno Garzon, klinische K\u00f6nigin Sofia im Norden der Stadt,&#8221;, sagte eine Erkl\u00e4rung unterzeichnet, von seinem Chef der Presse, Rodrigo Silva.<\/p>\n<p>Garzon, 65 Jahre, wurde am 14. Juni eine Prostatainfektion leiden zugelassen, aber nach ein paar Tage in der Klinik war eine Erkrankung Schlaganfall vorgestellt wurde, dass letzten Montag dringend betrieben.<\/p>\n<p>Petro, ihrerseits bekam hoch letzte Woche und bis heute in seinem B\u00fcro in das Zentrum von Bogota zur\u00fcckkehren &#8220;wurde begr\u00fc\u00dft mit Beifall von Beamten der verschiedenen Einheiten des B\u00fcrgermeisters,&#8221; nach seinem Chef Pressedossier.<\/p>\n<p>Der B\u00fcrgermeister, er operiert in der Santa Fe-Stiftung auch in die n\u00f6rdlichen Bogota.<\/p>\n<p>&#8220;Medizinische Beratung Hauptstadt Vertreter muss nicht erweitern ihre Arbeitszeit, \u00dcbungen zu vermeiden und dringenden F\u00e4llen, in denen seine Intervention erforderlich ist&#8221; die Ver\u00f6ffentlichung hinzugef\u00fcgt.<\/p>\n<p>Petro wird Montag &#8220;interne und privaten Treffen&#8221; mit einigen ihrer Beamten teilnehmen. EFE<\/p>\n","protected":false},"excerpt":{"rendered":"<p>Bogota, 25 jun (EFE).-der B\u00fcrgermeister von Bogot\u00e1, Gustavo Petro, kehrte heute nach seiner \u00fcblichen Arbeit neun Tage nach der Operation f\u00fcr die Entw\u00e4sserung von Blutgerinnsel im Kopf, unterzogen worden sind Quellen in seinem B\u00fcro. Das hohe Amt 52 Jahre &#8220;ist es wiedereingesetzt auf seine Funktionen am Montag nach der Durchf\u00fchrung eines Protokoll-Besuchs des Vizepr\u00e4sidenten der [&hellip;]<\/p>\n","protected":false},"author":1,"featured_media":0,"comment_status":"close","ping_status":"open","sticky":false,"template":"","format":"standard","meta":{"footnotes":""},"categories":[3],"tags":[],"class_list":["post-20701","post","type-post","status-publish","format-standard","hentry","category-allgemeine","et-doesnt-have-format-content","et_post_format-et-post-format-standard"],"_links":{"self":[{"href":"https:\/\/www.best-dentist-dentistry.com\/de\/wp-json\/wp\/v2\/posts\/20701","targetHints":{"allow":["GET"]}}],"collection":[{"href":"https:\/\/www.best-dentist-dentistry.com\/de\/wp-json\/wp\/v2\/posts"}],"about":[{"href":"https:\/\/www.best-dentist-dentistry.com\/de\/wp-json\/wp\/v2\/types\/post"}],"author":[{"embeddable":true,"href":"https:\/\/www.best-dentist-dentistry.com\/de\/wp-json\/wp\/v2\/users\/1"}],"replies":[{"embeddable":true,"href":"https:\/\/www.best-dentist-dentistry.com\/de\/wp-json\/wp\/v2\/comments?post=20701"}],"version-history":[{"count":0,"href":"https:\/\/www.best-dentist-dentistry.com\/de\/wp-json\/wp\/v2\/posts\/20701\/revisions"}],"wp:attachment":[{"href":"https:\/\/www.best-dentist-dentistry.com\/de\/wp-json\/wp\/v2\/media?parent=20701"}],"wp:term":[{"taxonomy":"category","embeddable":true,"href":"https:\/\/www.best-dentist-dentistry.com\/de\/wp-json\/wp\/v2\/categories?post=20701"},{"taxonomy":"post_tag","embeddable":true,"href":"https:\/\/www.best-dentist-dentistry.com\/de\/wp-json\/wp\/v2\/tags?post=20701"}],"curies":[{"name":"wp","href":"https:\/\/api.w.org\/{rel}","templated":true}]}}