{"id":20829,"date":"2012-10-18T02:32:29","date_gmt":"2012-10-18T02:32:29","guid":{"rendered":null},"modified":"-0001-11-30T00:00:00","modified_gmt":"-0001-11-30T00:00:00","slug":"lula-returned-to-political-activity-after-cancer-treatment","status":"publish","type":"post","link":"https:\/\/www.best-dentist-dentistry.com\/de\/lula-returned-to-political-activity-after-cancer-treatment\/20829","title":{"rendered":"lula returned to political activity after cancer treatment"},"content":{"rendered":"<p class=\"first\"> Sao Paulo, 14 Apr (EFE).-ehemalige brasilianische Pr\u00e4sident Luiz Inacio Lula da Silva nach heute politische Aktivit\u00e4t nach dem Ende des letzten Monats eine Behandlung f\u00fcr Krebs des Kehlkopfes und tauchte \u00f6ffentlich w\u00e4hrend der Einweihung einer technischen Schule in Sao Bernardo Campo, seine politischen Festung.<\/p>\n<p>Lula war w\u00e4hrend der Zeremonie angefeuert von Hunderten von Menschen, die an der Einweihung der Schule, tr\u00e4gt den Namen Regina Rocco, eine Hommage an die Mutter von der Exmandatario.<\/p>\n<p>Bei der Einweihung teilgenommen, unter anderem, dem Minister f\u00fcr Kultur, Ana de Hollanda; die Exministra des Tourismus und Senator Marta Suplicy; ehemaliger Minister f\u00fcr Arbeit und B\u00fcrgermeister von Sao Bernardo Do Campo, Luiz Marinho; und der ehemalige Minister f\u00fcr Bildung und Kandidat f\u00fcr Mayor von Sao Paulo, Fernando Hadad, unterst\u00fctzt von Lula.<\/p>\n<p>S\u00e3o Bernardo Campo, einem industriellen Gemeinde in der Metropolregion S\u00e3o Paulo, wurde der gewerkschaftlichen und politischen Wiege der Lula am Ende der 1970er Jahre und der ehemalige Pr\u00e4sident und seine Familie befinden sich in dieser Stadt.<\/p>\n<p>Die Exgobernante von 66 Jahren, unterbrochen sein \u00f6ffentliches Leben unterziehen Behandlung mit Chemotherapie und Bestrahlung Therapie zur Krebsbek\u00e4mpfung, die im Oktober letzten Jahres diagnostiziert wurde.<\/p>\n<p>28. M\u00e4rz, \u00c4rzte des Krankenhauses syrisch-libanesischen S\u00e3o Paulo angek\u00fcndigt hatte, dass 3 cm Tumor vollst\u00e4ndig verschwunden.<\/p>\n","protected":false},"excerpt":{"rendered":"<p>Sao Paulo, 14 Apr (EFE).-ehemalige brasilianische Pr\u00e4sident Luiz Inacio Lula da Silva nach heute politische Aktivit\u00e4t nach dem Ende des letzten Monats eine Behandlung f\u00fcr Krebs des Kehlkopfes und tauchte \u00f6ffentlich w\u00e4hrend der Einweihung einer technischen Schule in Sao Bernardo Campo, seine politischen Festung. Lula war w\u00e4hrend der Zeremonie angefeuert von Hunderten von Menschen, die [&hellip;]<\/p>\n","protected":false},"author":1,"featured_media":0,"comment_status":"close","ping_status":"open","sticky":false,"template":"","format":"standard","meta":{"footnotes":""},"categories":[3],"tags":[],"class_list":["post-20829","post","type-post","status-publish","format-standard","hentry","category-allgemeine","et-doesnt-have-format-content","et_post_format-et-post-format-standard"],"_links":{"self":[{"href":"https:\/\/www.best-dentist-dentistry.com\/de\/wp-json\/wp\/v2\/posts\/20829","targetHints":{"allow":["GET"]}}],"collection":[{"href":"https:\/\/www.best-dentist-dentistry.com\/de\/wp-json\/wp\/v2\/posts"}],"about":[{"href":"https:\/\/www.best-dentist-dentistry.com\/de\/wp-json\/wp\/v2\/types\/post"}],"author":[{"embeddable":true,"href":"https:\/\/www.best-dentist-dentistry.com\/de\/wp-json\/wp\/v2\/users\/1"}],"replies":[{"embeddable":true,"href":"https:\/\/www.best-dentist-dentistry.com\/de\/wp-json\/wp\/v2\/comments?post=20829"}],"version-history":[{"count":0,"href":"https:\/\/www.best-dentist-dentistry.com\/de\/wp-json\/wp\/v2\/posts\/20829\/revisions"}],"wp:attachment":[{"href":"https:\/\/www.best-dentist-dentistry.com\/de\/wp-json\/wp\/v2\/media?parent=20829"}],"wp:term":[{"taxonomy":"category","embeddable":true,"href":"https:\/\/www.best-dentist-dentistry.com\/de\/wp-json\/wp\/v2\/categories?post=20829"},{"taxonomy":"post_tag","embeddable":true,"href":"https:\/\/www.best-dentist-dentistry.com\/de\/wp-json\/wp\/v2\/tags?post=20829"}],"curies":[{"name":"wp","href":"https:\/\/api.w.org\/{rel}","templated":true}]}}