{"id":2083,"date":"2014-07-23T23:08:19","date_gmt":"2014-07-23T23:08:19","guid":{"rendered":null},"modified":"2014-07-23T23:08:19","modified_gmt":"2014-07-23T23:08:19","slug":"day-xxxvi-of-the-institute-of-psicosomaticos-studies-and-medical-psychotherapy","status":"publish","type":"post","link":"https:\/\/www.best-dentist-dentistry.com\/de\/day-xxxvi-of-the-institute-of-psicosomaticos-studies-and-medical-psychotherapy\/2083","title":{"rendered":"Tag XXXVI Institut der Psicosom\u00e1ticos Studien und medizinische Psychotherapie."},"content":{"rendered":"<p><strong>Tag XXXVI des Instituts der Studien Psicosom\u00e1ticos und Psychotherapie medizinischen. <br \/><\/strong> <br \/><font size=\"2\"> <strong>Madrid, Oktober 2011<\/strong> n\u00e4chsten Oktober 22, um zehn Uhr morgens, \u00f6ffnet den Tag Dr. Pedro Gil Corbacho Conference: Autorit\u00e4t und F\u00fchrung in Zeiten der Krise im Klassenzimmer Gregorio Mara\u00f1\u00f3n am College of Physicians of Madrid. <\/p>\n<p>F\u00fchrung ist ein komplexes System, das noch nie da gewesene Situation, eine Stellungnahme der Lage, die lebt und die Art von F\u00fchrung, die erfordert. <\/p>\n<p>Erkennt nicht solche beispiellosen Situationen oder wie, ihnen zu begegnen. <\/p>\n<p>Aufgrund der aufstrebenden Ausschlussgr\u00fcnde nicht immer die Art und Weise n\u00e4hern sie. <\/p>\n<p>Angesichts der derzeitigen Situation mit der bestehenden Krisensituation, gibt es ein Konsens oder Wirtschaft Modell, politische oder gesch\u00e4ftlicher und ist ein gro\u00dfes Problem f\u00fcr die Gesellschaft. Finden Sie unter welche Ans\u00e4tze erforderlich sind, um komplexe Systeme zu machen, was erwartet wird und welche Haltung Staats-und Regierungschefs haben kann. Chaotische Momente zu anderen stabiler. Sicherlich verringert sich die Anzahl der Variablen. <\/p>\n<p>Pedro Gil Corbacho ist medizinische Psychiater, Psychoanalytiker und Berater Prozesse und Organisationen und executive Trainer Tavistock Institute (London) gegr\u00fcndet. <\/p>\n<p><\/font><\/p>\n","protected":false},"excerpt":{"rendered":"<p>Tag XXXVI des Instituts der Studien Psicosom\u00e1ticos und Psychotherapie medizinischen. Madrid, Oktober 2011 n\u00e4chsten Oktober 22, um zehn Uhr morgens, \u00f6ffnet den Tag Dr. Pedro Gil Corbacho Conference: Autorit\u00e4t und F\u00fchrung in Zeiten der Krise im Klassenzimmer Gregorio Mara\u00f1\u00f3n am College of Physicians of Madrid. F\u00fchrung ist ein komplexes System, das noch nie da gewesene [&hellip;]<\/p>\n","protected":false},"author":1,"featured_media":0,"comment_status":"close","ping_status":"open","sticky":false,"template":"","format":"standard","meta":{"footnotes":""},"categories":[3],"tags":[7713,7714,7711,7712],"class_list":["post-2083","post","type-post","status-publish","format-standard","hentry","category-allgemeine","tag-psicosomticos","tag-psychotherapie","tag-wechseljahren","tag-xxxvi","et-doesnt-have-format-content","et_post_format-et-post-format-standard"],"_links":{"self":[{"href":"https:\/\/www.best-dentist-dentistry.com\/de\/wp-json\/wp\/v2\/posts\/2083","targetHints":{"allow":["GET"]}}],"collection":[{"href":"https:\/\/www.best-dentist-dentistry.com\/de\/wp-json\/wp\/v2\/posts"}],"about":[{"href":"https:\/\/www.best-dentist-dentistry.com\/de\/wp-json\/wp\/v2\/types\/post"}],"author":[{"embeddable":true,"href":"https:\/\/www.best-dentist-dentistry.com\/de\/wp-json\/wp\/v2\/users\/1"}],"replies":[{"embeddable":true,"href":"https:\/\/www.best-dentist-dentistry.com\/de\/wp-json\/wp\/v2\/comments?post=2083"}],"version-history":[{"count":0,"href":"https:\/\/www.best-dentist-dentistry.com\/de\/wp-json\/wp\/v2\/posts\/2083\/revisions"}],"wp:attachment":[{"href":"https:\/\/www.best-dentist-dentistry.com\/de\/wp-json\/wp\/v2\/media?parent=2083"}],"wp:term":[{"taxonomy":"category","embeddable":true,"href":"https:\/\/www.best-dentist-dentistry.com\/de\/wp-json\/wp\/v2\/categories?post=2083"},{"taxonomy":"post_tag","embeddable":true,"href":"https:\/\/www.best-dentist-dentistry.com\/de\/wp-json\/wp\/v2\/tags?post=2083"}],"curies":[{"name":"wp","href":"https:\/\/api.w.org\/{rel}","templated":true}]}}