{"id":2088,"date":"2014-07-26T11:08:50","date_gmt":"2014-07-26T11:08:50","guid":{"rendered":null},"modified":"2014-07-26T11:08:50","modified_gmt":"2014-07-26T11:08:50","slug":"madrid-hosts-the-congress-of-the-international-federation-of-persons-with-physical-disability","status":"publish","type":"post","link":"https:\/\/www.best-dentist-dentistry.com\/de\/madrid-hosts-the-congress-of-the-international-federation-of-persons-with-physical-disability\/2088","title":{"rendered":"Madrid beherbergt den Kongress der Internationalen F\u00f6deration von Menschen mit Behinderung."},"content":{"rendered":"<p><strong>Madrid hostet den Kongress der Internationalen F\u00f6deration von Menschen mit Behinderungen Physik. <\/p>\n<p><\/strong><font size=\"2\"> <strong> des \u00dcbereinkommens der Vereinten Nationen f\u00fcr Menschen mit Behinderungen<\/strong><\/p>\n<p>-werden am Sitz der Stiftung von der spinalen Lesionado (c \u00ba Valderribas Nr. 115) <\/p>\n<p>-zielt darauf ab, ein Forum f\u00fcr Diskussionen und Austausch von Erfahrungen \u00fcber die Umsetzung des \u00dcbereinkommens der Vereinten Nationen werden <\/p>\n<p>-wird gef\u00f6rdert von der Stiftung Vodafone Spanien, Ministerium f\u00fcr ausw\u00e4rtige Angelegenheiten und Zusammenarbeit, organisiert von FIMITIC und PREDIF <\/p>\n<p> <strong>Madrid, Oktober 2011<\/strong> die Halle der Stiftung von der spinalen Lesionado (Valderribas Stra\u00dfe Nr. 115) werden die B\u00fchne f\u00fcr heute und Morgen des Kongresses der Internationalen F\u00f6deration von Menschen mit k\u00f6rperlichen Behinderungen (FIMITIC). <\/p>\n<p>Das Treffen soll ein Forum f\u00fcr Diskussionen und Austausch von Erfahrungen \u00fcber die Umsetzung der UN-Konvention \u00fcber die Rechte von Menschen mit Behinderungen in Europa zu werden. <\/p>\n<p>Gleichzeitig ist die aktuelle Situation und die Vorschl\u00e4ge und vorschlagen, Ma\u00dfnahmen f\u00fcr die wirksame Umsetzung des \u00dcbereinkommens der Vereinten Nationen, sowie zu der europ\u00e4ischen Zusammenhalt in Ihre Anwendung. kennen und verstehen den Grad der Umsetzung, Ermittlung bew\u00e4hrter Praktiken und innovative Vorschl\u00e4ge suchen. <\/p>\n<p>Dazu m\u00fcssen Sie Experten innovative Erfahrungen und bew\u00e4hrten Verfahren in verschiedenen europ\u00e4ischen L\u00e4ndern zu verbreiten. Wird von Vertretern der L\u00e4nder, wo FIMITIC wird implementiert, besucht werden: Albanien, Deutschland, Ungarn, \u00d6sterreich, Bulgarien, Bosnien, Kroatien, Zypern, Tschechische Republik, Estland, Irland, Liechtenstein, Litauen, Mazedonien, Polen, Portugal, Rum\u00e4nien, Republik, Slowakei, Slowenien, Schweiz und Spanien. <\/p>\n<p>Der Kongress wird organisiert von FIMITIC und PREDIF, und wird gef\u00f6rdert von der Stiftung Vodafone Spanien sowie Ministerium f\u00fcr ausw\u00e4rtige Angelegenheiten und Zusammenarbeit. <\/p>\n<p>PREDIF ist eine Non-Profit, Ebene, repr\u00e4sentiert und f\u00fchrt Programme f\u00fcr 40 000 betroffenen Behinderte. Er hat Erfahrung, durch ihre Mitglieder der Verb\u00e4nde von mehr als 20 Jahren. <\/p>\n<p><\/font><\/p>\n","protected":false},"excerpt":{"rendered":"<p>Madrid hostet den Kongress der Internationalen F\u00f6deration von Menschen mit Behinderungen Physik. des \u00dcbereinkommens der Vereinten Nationen f\u00fcr Menschen mit Behinderungen -werden am Sitz der Stiftung von der spinalen Lesionado (c \u00ba Valderribas Nr. 115) -zielt darauf ab, ein Forum f\u00fcr Diskussionen und Austausch von Erfahrungen \u00fcber die Umsetzung des \u00dcbereinkommens der Vereinten Nationen werden [&hellip;]<\/p>\n","protected":false},"author":1,"featured_media":0,"comment_status":"close","ping_status":"open","sticky":false,"template":"","format":"standard","meta":{"footnotes":""},"categories":[3],"tags":[7729,7730],"class_list":["post-2088","post","type-post","status-publish","format-standard","hentry","category-allgemeine","tag-ausgerichtet","tag-beherbergt","et-doesnt-have-format-content","et_post_format-et-post-format-standard"],"_links":{"self":[{"href":"https:\/\/www.best-dentist-dentistry.com\/de\/wp-json\/wp\/v2\/posts\/2088","targetHints":{"allow":["GET"]}}],"collection":[{"href":"https:\/\/www.best-dentist-dentistry.com\/de\/wp-json\/wp\/v2\/posts"}],"about":[{"href":"https:\/\/www.best-dentist-dentistry.com\/de\/wp-json\/wp\/v2\/types\/post"}],"author":[{"embeddable":true,"href":"https:\/\/www.best-dentist-dentistry.com\/de\/wp-json\/wp\/v2\/users\/1"}],"replies":[{"embeddable":true,"href":"https:\/\/www.best-dentist-dentistry.com\/de\/wp-json\/wp\/v2\/comments?post=2088"}],"version-history":[{"count":0,"href":"https:\/\/www.best-dentist-dentistry.com\/de\/wp-json\/wp\/v2\/posts\/2088\/revisions"}],"wp:attachment":[{"href":"https:\/\/www.best-dentist-dentistry.com\/de\/wp-json\/wp\/v2\/media?parent=2088"}],"wp:term":[{"taxonomy":"category","embeddable":true,"href":"https:\/\/www.best-dentist-dentistry.com\/de\/wp-json\/wp\/v2\/categories?post=2088"},{"taxonomy":"post_tag","embeddable":true,"href":"https:\/\/www.best-dentist-dentistry.com\/de\/wp-json\/wp\/v2\/tags?post=2088"}],"curies":[{"name":"wp","href":"https:\/\/api.w.org\/{rel}","templated":true}]}}