{"id":2096,"date":"2014-07-31T11:08:09","date_gmt":"2014-07-31T11:08:09","guid":{"rendered":null},"modified":"2014-07-31T11:08:09","modified_gmt":"2014-07-31T11:08:09","slug":"european-and-national-leaders-and-health-and-labour-experts-meet-in-brussels-to-launch-national-action-plans-on-musculoskeletal-diseases","status":"publish","type":"post","link":"https:\/\/www.best-dentist-dentistry.com\/de\/european-and-national-leaders-and-health-and-labour-experts-meet-in-brussels-to-launch-national-action-plans-on-musculoskeletal-diseases\/2096","title":{"rendered":"Europ\u00e4ischen und nationalen F\u00fchrer und Gesundheit und Arbeit Experten treffen sich in Br\u00fcssel, nationale Aktionspl\u00e4ne zu Muskel Skelett Erkrankungen zu starten."},"content":{"rendered":"<p><strong>Europ\u00e4ischen und nationalen F\u00fchrer und Gesundheit und Arbeit-Experten treffen sich in Br\u00fcssel zu starten nationale Aktionspl\u00e4ne zur Muskuloskelettale Krankheiten.<\/strong> <\/p>\n<p><font size=\"2\">-die Kosten im Zusammenhang mit muskuloskeletalen Schmerzen sind 240 Milliarden Euro f\u00fcr die Arbeitnehmer und die Wirtschaft. Nur wenige L\u00e4nder haben jedoch Pl\u00e4ne oder Infrastruktur, um diese Menschen arbeiten <\/p>\n<p>-Lech Walesa, ehemaliger Pr\u00e4sident von Polen, wurde zum Botschafter des Fit f\u00fcr Arbeit <\/p>\n<p>&#8211; m\u00fcssen weltweit k\u00e4mpfen, um das Leben der Menschen zu verbessern &#8211; und &#8211; mit Schmerzen. Aber nur ein koordiniertes Vorgehen auf nationaler Ebene tragen dazu bei, dass diese Arbeitnehmer voll integriert sind, in die Gesellschaft, einschlie\u00dflich der Aufrechterhaltung ihrer Arbeit, f\u00fcr diejenigen, die so hart gek\u00e4mpft haben &#8221; <\/p>\n<p> <strong>Br\u00fcssel, Oktober 2011<\/strong> der vergangenen Mittwoch 19 versammelten sich in Br\u00fcssel, die politischenPatienten und Experten f\u00fcr Gesundheit und Arbeit der Fit Coalition for Work Europe der Vereinigungen von Patienten aus ganz Europa zur Verringerung der wirtschaftlichen Belastung der j\u00e4hrlichen Ausgaben von 240 Milliarden Euro in Muskel-Skelett-Erkrankungen f\u00fcr die Europ\u00e4ische Gesellschaft ihre Stimmen hinzu. <\/p>\n<p>Lech Walesa, ehemaliger Pr\u00e4sident von Polen und k\u00fcrzlich ernannte Botschafter des Projektes Fit f\u00fcr Arbeit, wurde einer der Teilnehmer an der j\u00e4hrlichen III-Konferenz-Fit f\u00fcr Arbeit.  Mehr als 100 Millionen Europ\u00e4er leiden unter chronischen Muskel-und Schmerzen. Davon sind mehr als 40 Millionen Arbeitnehmer, von denen 40 % seinen Job wegen seiner Pathologie verlassen mussten. Das ist nicht hinnehmbar, im 21. Jahrhundert, wenn Fragen so einfach wie die fr\u00fchen und koordinierte Ma\u00dfnahmen auf nationaler Ebene das Leben dieser Menschen verbessern k\u00f6nnen &#8221;. <\/p>\n<p>Die Konferenz des Projektes Fit f\u00fcr Europa arbeiten hatte auch betont die Bedeutung der Forschungsergebnisse in die gr\u00f6\u00dfte Bev\u00f6lkerung in Europa, die Auswirkungen von Krankheiten des Bewegungsapparates zeigen, eine Gruppe, die auch von steigenden Niveaus der Arbeitslosigkeit bedroht. <\/p>\n<p>In Europa, diese Krankheiten sind f\u00fcr fast die H\u00e4lfte (49 %) in der EU. \u00c9stas st\u00e4ndige Arbeit und 60 Prozent der Behinderungen Arbeit Abwesenheiten und andere sozialen-\u00f6konomischen Folgen der nicht mit einen Zustand der Gesundheit angemessene aufgrund der muskuloskeletalen Schmerzen, die sie vertreten, eine Preis-Sch\u00e4tzung f\u00fcr die Europ\u00e4ische Gesellschaft der bis 240 Milliarden Euro. <\/p>\n<p>Eine effektive und praktische \u00c4nderungen auf nationaler Ebene werden nur das Ergebnis der Vereinigung der Beweise bei der Verwaltung solcher Krankheiten sein. Insbesondere muss der Aktionsplan f\u00fcr Muskel-Skelett-Erkrankungen: <\/p>\n<p>-vorrangig zur Bek\u00e4mpfung dieser Krankheiten auf \u00f6ffentlichen nationalen Systemen, zusammen mit den anderen Krankheiten des Typs chronische. <\/p>\n<p>-zuweisen, die entsprechenden Mittel f\u00fcr die Diagnose fr\u00fch und Behandlungen. <\/p>\n<p>-legen Sie die  bleiben bei der Arbeit &#8221; als Ma\u00dfnahme Erfolg im Umgang mit dieser Klinik Krankheiten. <\/p>\n<p>-unterst\u00fctzen die Aufnahme der Arbeitsproduktivit\u00e4t (z. B. soziale Kosten) bei der Beurteilung der wirtschaftlichen Gesundheit und Technologie Gesundheit. <\/p>\n<p> Jetzt wissen, dass die EU durch die institutionelle Unterst\u00fctzung f\u00fcr die T\u00e4tigkeiten der Passung f\u00fcr Arbeit Europa, die Auswirkungen von Krankheiten des Bewegungsapparates in unseren Volkswirtschaften erkennt. Jetzt m\u00fcssen Anstrengungen zur Unterst\u00fctzung der nationalen Regierungen, hilft ihnen, diese Krankheiten aller ihrer Gesundheitssysteme zu einer Priorit\u00e4t machen zur Verbesserung der Ergebnisse in der Gesundheit und der Arbeit verbinden &#8221;, sagte Antonia Paranova, Mitglied des Europ\u00e4ischen Parlaments, Host des Projekts und Vice President der Koalition.  nur dann unterst\u00fctzen wir effektiv zu Patienten mit Schmerzen Cr\u00f3Nico &#8221;. <\/p>\n<p> <strong>Krankheiten M\u00fasculoesquel\u00e9ticas <br \/><\/strong> <br \/> unter dem Begriff des Bewegungsapparates zusammengef\u00fcgten \u00fcber 200 Krankheiten, die die Muskeln, Gelenke, Sehnen, B\u00e4nder, peripheren Nerven und Blutgef\u00e4\u00dfe, verursacht Schmerzen und funktionellen Behinderung Patienten (Punnett Et al., 2004). <\/p>\n<p><strong>\u00dcber Fit f\u00fcr Europa arbeiten<\/strong> <\/p>\n<p>Fit f\u00fcr Work Europe Arbeiten zur F\u00f6rderung von Dialog-Stakeholder der Muskel-Skelett-Erkrankungen klinischen Praxis und Politik auf die Gesundheit und Arbeit zur Verbesserung der Qualit\u00e4t des Arbeitslebens von Menschen mit diesen Erkrankungen zu leiten. Passen f\u00fcr Arbeit ist Partner von Organisationen und Einzelpersonen, und genie\u00dft die Protektion der Work Foundation, Jahrzehnt der Knochen und Gelenke der Vereinten Nationen, der Europ\u00e4ischen Liga gegen rheumatische Erkrankungen (EULAR) und RAND Europe, und mit der Unterst\u00fctzung einer gro\u00dfen Anzahl der Beteiligten, einschlie\u00dflich der Europ\u00e4ischen Agentur f\u00fcr die soziale Eingliederung, die Europ\u00e4ische F\u00f6deration der Verb\u00e4nde von Krankenschwestern und Krankenpflegern, die International Association of die Mutualit\u00e9, Interprise f\u00fcr Gesundheit, Arthritis Irland, der Association of Accountants kollegialen akkreditiert, UniEuropa und weitere Einrichtungen, die am Projekt jeden Monat. Die Koalition passt f\u00fcr Work Europe finanziert Abbott &#8211; einer der Gr\u00fcndungspartner \u2013 und GE Healthcare. <\/p>\n<p><strong>\u00dcber die Koalition Fit f\u00fcr Arbeit Europa<\/strong> <\/p>\n<p>Die Fit-Koalition f\u00fcr Arbeit ist eine innovative Verbindung zwischen Patienten, \u00c4rzte, die politisch Verantwortlichen und Vertretern der Zivilgesellschaft, die die Bedeutung der Fr\u00fcherkennung, Pr\u00e4vention und Behandlung von Muskel-Skelett-Erkrankungen am Arbeitsplatz glauben. Zielt darauf ab, \u00e4ndern Sie die Bedingungen der Behinderung dieser St\u00f6rungen in verwaltbare Bedingungen, um sicherzustellen, dass die europ\u00e4ischen B\u00fcrger mehr Zeit bei der Arbeit und die Nachhaltigkeit der europ\u00e4ischen Gesundheitssysteme verbessern k\u00f6nnen. Die spezifischen Ziele der Koalition sind: <\/p>\n<p>-eine F\u00fchrungsrolle aktiv bei der Durchf\u00fchrung der Arbeit und Priorit\u00e4ten auf nationaler Ebene und der Gemeinschaft. Muskel-und Skeletterkrankungen Gesundheit <\/p>\n<p>-schaffen Aktivit\u00e4ten Unterst\u00fctzung klinischer, wirtschaftlichen und politischen Projekte tr\u00e4gt zur Verwirklichung der Ziele der Fit f\u00fcr Arbeit. <\/p>\n<p>-kontinuierlich eine Handlungsgrundlage nur zu Testzweckendurchsetzen und offensichtlich die Vision von unterst\u00fctzen Fit f\u00fcr die Arbeit der Bedeutung der fr\u00fch eingreifen und Behandlung geeignete Erkrankungen des Bewegungsapparates. <\/p>\n<p>-best Practices der einzelnen L\u00e4ndern auszutauschen und Initiativen der Erfolg f\u00fcr die Durchf\u00fchrung der gleichen anpassen, mit dem Ziel der Schaffung gemeinsamer f\u00fcr alle L\u00e4nder, die Muskel-Skelett-Erkrankungen nationalen Pl\u00e4ne <\/p>\n<p><\/font><\/p>\n","protected":false},"excerpt":{"rendered":"<p>Europ\u00e4ischen und nationalen F\u00fchrer und Gesundheit und Arbeit-Experten treffen sich in Br\u00fcssel zu starten nationale Aktionspl\u00e4ne zur Muskuloskelettale Krankheiten. -die Kosten im Zusammenhang mit muskuloskeletalen Schmerzen sind 240 Milliarden Euro f\u00fcr die Arbeitnehmer und die Wirtschaft. Nur wenige L\u00e4nder haben jedoch Pl\u00e4ne oder Infrastruktur, um diese Menschen arbeiten -Lech Walesa, ehemaliger Pr\u00e4sident von Polen, wurde [&hellip;]<\/p>\n","protected":false},"author":1,"featured_media":0,"comment_status":"close","ping_status":"open","sticky":false,"template":"","format":"standard","meta":{"footnotes":""},"categories":[3],"tags":[7749,7748,7750,7747],"class_list":["post-2096","post","type-post","status-publish","format-standard","hentry","category-allgemeine","tag-aktionsplne","tag-arbeit-experten","tag-muskel-skelett-erkrankungen","tag-spondylitis","et-doesnt-have-format-content","et_post_format-et-post-format-standard"],"_links":{"self":[{"href":"https:\/\/www.best-dentist-dentistry.com\/de\/wp-json\/wp\/v2\/posts\/2096","targetHints":{"allow":["GET"]}}],"collection":[{"href":"https:\/\/www.best-dentist-dentistry.com\/de\/wp-json\/wp\/v2\/posts"}],"about":[{"href":"https:\/\/www.best-dentist-dentistry.com\/de\/wp-json\/wp\/v2\/types\/post"}],"author":[{"embeddable":true,"href":"https:\/\/www.best-dentist-dentistry.com\/de\/wp-json\/wp\/v2\/users\/1"}],"replies":[{"embeddable":true,"href":"https:\/\/www.best-dentist-dentistry.com\/de\/wp-json\/wp\/v2\/comments?post=2096"}],"version-history":[{"count":0,"href":"https:\/\/www.best-dentist-dentistry.com\/de\/wp-json\/wp\/v2\/posts\/2096\/revisions"}],"wp:attachment":[{"href":"https:\/\/www.best-dentist-dentistry.com\/de\/wp-json\/wp\/v2\/media?parent=2096"}],"wp:term":[{"taxonomy":"category","embeddable":true,"href":"https:\/\/www.best-dentist-dentistry.com\/de\/wp-json\/wp\/v2\/categories?post=2096"},{"taxonomy":"post_tag","embeddable":true,"href":"https:\/\/www.best-dentist-dentistry.com\/de\/wp-json\/wp\/v2\/tags?post=2096"}],"curies":[{"name":"wp","href":"https:\/\/api.w.org\/{rel}","templated":true}]}}