{"id":21012,"date":"2012-10-19T03:05:12","date_gmt":"2012-10-19T03:05:12","guid":{"rendered":null},"modified":"-0001-11-30T00:00:00","modified_gmt":"-0001-11-30T00:00:00","slug":"vera-says-that-urgent-nocturnal-movements-in-the-hospital-of-tudela-will-remain","status":"publish","type":"post","link":"https:\/\/www.best-dentist-dentistry.com\/de\/vera-says-that-urgent-nocturnal-movements-in-the-hospital-of-tudela-will-remain\/21012","title":{"rendered":"Vera sagt, dass dringende n\u00e4chtliche Bewegungen in das Krankenhaus von Tudela bleibt"},"content":{"rendered":"<p class=\"first\"> PAMPLONA, 27 (EUROPA PRESS)<\/p>\n<p>Der Gesundheitsminister der Regierung von Navarra, Marta Vera, hat erkl\u00e4rt, dass die Patienten das Krankenhaus von Tudela, die dringend in die Ambulanz nach 22 umgesiedelt werden m\u00fcssen auch dieses Service, vorherige Verordnung weiterhin, und Menschen mit nicht dringende Bedingungen im Krankenhaus bis zur Wiederaufnahme des Dienstes warten.<\/p>\n<p>Und Vera im Plenum des Parlaments als Antwort auf zwei Fragen der parlamentarischen Gruppen von PSN und ich-E \u00fcber die Funkentst\u00f6rung der Nacht medizinischen Transport in das Krankenhaus von Tudela, die seit 2006 einen Krankenwagen-Service, der auf Patienten hatte keine Mittel hatte \u00fcbertragen, um zur\u00fcck in ihre Heimat, mit oder ohne Rezept hingewiesen.<\/p>\n<p>Vera hat verteidigt, &#8220;Krankenwagen sind Menschen, deren Krankheit erfordert, vorherige Verordnung des fakultativen, zu vermitteln&#8221;. Somit hat der Berater darauf bestanden, in Nacht Rettungswagen in das Krankenhaus von Tudela &#8220;nicht gel\u00f6scht&#8221;, die auf Patienten mit dringenden Bedingungen beschr\u00e4nkt sind.<\/p>\n<p>The Counselor erkl\u00e4rte, dass der Rettungsdienst von 22 Stunden im Krankenhaus von Tudela &#8220;angehalten wurde es auf die gleiche Art von Dienst der Krankenh\u00e4user von Navarra anzupassen&#8221;, in denen &#8220;auf Rezept&#8221; in Gang kommt.<\/p>\n<p>Reaktion auf der Berater, hat die MP das PSN Samuel Caro die Abschaffung dieses Dienstes bereut, &#8220;weil seit 2006 die B\u00fcrger von Tudela einen Service hatten und jetzt es nicht haben&#8221;. &#8220;Mit all der Schnitte, die unternommen werden, wollen eine Grenze erreicht, wird die Erhaltung der w\u00fcrde von Menschen,&#8221; kritisiert.<\/p>\n<p>Dar\u00fcber hinaus Caro hat darauf hingewiesen, dass er dachte, dass der Berater &#8220;keine Alternativen anbieten wollte&#8221; und vorgeschlagen hat, die Unterzeichnung einer Vereinbarung mit der Taxi-Service, sowie m\u00f6gliche Vereinbarungen mit roten Kreuz Service aufrechterhalten.<\/p>\n<p>Der parlamentarischen ich-E Marisa Simon, seinerseits hat erkl\u00e4rt, dass die Notwendigkeit f\u00fcr diesen Dienst &#8220;weiterhin besteht und heute existiert&#8221;, da &#8220;die Leute, die keine Transportmittel in ihre H\u00e4user zur\u00fcckzukehren hatte ohne es weiterhin&#8221;. &#8220;Es ist \u00e4ltere Patienten oder Angeh\u00f6rige, die einen Spezialtransport ben\u00f6tigen und haben nicht, die nehmen sie in ihre Heimat&#8221;, f\u00fcgte er hinzu. <\/p>\n<p>Von Simon hat diese Ma\u00dfnahme abgelehnt und fragte mich, ob Patienten bleiben m\u00fcssen &#8220;im Korridor&#8221; des Krankenhauses bis der Transportdienst fortgesetzt wird.<\/p>\n","protected":false},"excerpt":{"rendered":"<p>PAMPLONA, 27 (EUROPA PRESS) Der Gesundheitsminister der Regierung von Navarra, Marta Vera, hat erkl\u00e4rt, dass die Patienten das Krankenhaus von Tudela, die dringend in die Ambulanz nach 22 umgesiedelt werden m\u00fcssen auch dieses Service, vorherige Verordnung weiterhin, und Menschen mit nicht dringende Bedingungen im Krankenhaus bis zur Wiederaufnahme des Dienstes warten. Und Vera im Plenum [&hellip;]<\/p>\n","protected":false},"author":1,"featured_media":0,"comment_status":"close","ping_status":"open","sticky":false,"template":"","format":"standard","meta":{"footnotes":""},"categories":[3],"tags":[32025],"class_list":["post-21012","post","type-post","status-publish","format-standard","hentry","category-allgemeine","tag-tudela","et-doesnt-have-format-content","et_post_format-et-post-format-standard"],"_links":{"self":[{"href":"https:\/\/www.best-dentist-dentistry.com\/de\/wp-json\/wp\/v2\/posts\/21012","targetHints":{"allow":["GET"]}}],"collection":[{"href":"https:\/\/www.best-dentist-dentistry.com\/de\/wp-json\/wp\/v2\/posts"}],"about":[{"href":"https:\/\/www.best-dentist-dentistry.com\/de\/wp-json\/wp\/v2\/types\/post"}],"author":[{"embeddable":true,"href":"https:\/\/www.best-dentist-dentistry.com\/de\/wp-json\/wp\/v2\/users\/1"}],"replies":[{"embeddable":true,"href":"https:\/\/www.best-dentist-dentistry.com\/de\/wp-json\/wp\/v2\/comments?post=21012"}],"version-history":[{"count":0,"href":"https:\/\/www.best-dentist-dentistry.com\/de\/wp-json\/wp\/v2\/posts\/21012\/revisions"}],"wp:attachment":[{"href":"https:\/\/www.best-dentist-dentistry.com\/de\/wp-json\/wp\/v2\/media?parent=21012"}],"wp:term":[{"taxonomy":"category","embeddable":true,"href":"https:\/\/www.best-dentist-dentistry.com\/de\/wp-json\/wp\/v2\/categories?post=21012"},{"taxonomy":"post_tag","embeddable":true,"href":"https:\/\/www.best-dentist-dentistry.com\/de\/wp-json\/wp\/v2\/tags?post=21012"}],"curies":[{"name":"wp","href":"https:\/\/api.w.org\/{rel}","templated":true}]}}