{"id":2111,"date":"2014-08-10T23:08:10","date_gmt":"2014-08-10T23:08:10","guid":{"rendered":null},"modified":"2014-08-10T23:08:10","modified_gmt":"2014-08-10T23:08:10","slug":"opening-exhibition-the-labyrinth-of-malaria-in-square-trascorrales","status":"publish","type":"post","link":"https:\/\/www.best-dentist-dentistry.com\/de\/opening-exhibition-the-labyrinth-of-malaria-in-square-trascorrales\/2111","title":{"rendered":"Er\u00f6ffnung der Ausstellung &#8220;Das Labyrinth von Malaria&#8221; im Quadrat Trascorrales"},"content":{"rendered":"<p><font   size=\"2\"> <strong><font size=\"3\"> Er\u00f6ffnungsausstellung &#8220;Das Labyrinth von Malaria&#8221; am Plaza Trascorrales<\/font> <\/p>\n<p> die Einweihung in Asturien der  das Labyrinth der Malaria &#8221; findet heute Montag, Oktober 24, um 12:00 h., in der Plaza Trascorrales (Oviedo). Patricia Gonz\u00e1lez del Valle Garc\u00eda (Direktor der asturianischen Agentur Entwicklungszusammenarbeit), werden bei der Feier Silvia Junco (Mitglied des Delegate f\u00fcr die Zusammenarbeit f\u00fcr die Entwicklung des Stadtrats in Oviedo), Carlos Medium (Spanien von der Koordinatorin der Kampagne  Malaria bereits zu stoppen &#8221;) und Luis Casado (Pr\u00e4sident der Medicusmundi Asturias). <\/p>\n<p>Oviedo, Oktober 2011<\/strong> der Kampagne  stoppen Malaria bereits &#8221;, beteiligt sich aktiv in die Medicusmundi, organisierte eine Tour von verschiedenen europ\u00e4ischen St\u00e4dten das Bewusstsein f\u00fcr die verheerenden Folgen von Malaria f\u00fcr die Entwicklung der L\u00e4nder des S\u00fcdens, und politisches EngagementECOSOC sind erforderlich, um die Ausrottung dieses \u00dcbel endemisch nur das Leben von fast einer Million Menschen jedes Jahr. <\/p>\n<p> Das Labyrinth der Malaria &#8221; ist schon gekommen, Deutschland, Polen und Italien und jetzt erreicht unser Land, Zaragoza, Oviedo und Vitoria zu besuchen. Besucher m\u00fcssen durchqueren ein Labyrinth wo simuliert ein Moskito-Anopheles, \u00dcbertragung der Krankheit, verfolgt. Aber was Sie tun k\u00f6nnen um zu verhindern, dass der Biss? Es gibt Medikamente zur Verbesserung der Symptome, die die Krankheit verursacht? Das Labyrinth hat verschiedene Vorschl\u00e4ge zur aktiven Teilnahme an der Bek\u00e4mpfung der Malaria. <\/p>\n<p>  Stoppen Malaria bereits &#8221; ist eine Initiative der Medicusmundi und andere 9 NRO in Afrika, Europa und USA, das funktioniert, das soziale Bewusstsein \u00fcber Malaria als eines der wichtigsten Krankheiten im Zusammenhang mit Armut und eine wichtige Ursache des Todes in Afrika s\u00fcdlich der Sahara. Malaria ist vermeidbar und heilbar, ihre vollst\u00e4ndige und umfassende Kontrolle ist in unserer Hand und k\u00f6nnen mit Medikamenten und angemessenen Zugang behandelt werden. Unterl\u00e4sst es die Pr\u00e4valenz von Malaria einzud\u00e4mmen, die Sterblichkeit erh\u00f6ht werden in den kommenden Jahren, putting in offensichtlich die Gefahr eines der Ziele der Ziel 6-Ziele f\u00fcr die Millenniums-Entwicklungsziele (MDGs):  angehalten und damit begonnen, das Auftreten von Malaria und anderen schweren Krankheiten bis zum Jahr 2015 umzukehren haben &#8221;. <\/p>\n<p>Die Ausstellung  das Labyrinth der Malaria &#8221; von 24 bis 30 Oktober in der Trascorrales Plaza, Oviedo, entdecken, besuchen, die verschiedene Aspekte der Krankheit durch Sounds, Videos, Installationen und Panels, die weitere Informationen \u00fcber den Ursprung der Malaria bieten besichtigt werden k\u00f6nnen, Bereiche betroffen, Schutz und so verhindern Sie die Ausbreitung der Krankheit. <\/p>\n<p><\/font> <\/p>\n","protected":false},"excerpt":{"rendered":"<p>Er\u00f6ffnungsausstellung &#8220;Das Labyrinth von Malaria&#8221; am Plaza Trascorrales die Einweihung in Asturien der das Labyrinth der Malaria &#8221; findet heute Montag, Oktober 24, um 12:00 h., in der Plaza Trascorrales (Oviedo). Patricia Gonz\u00e1lez del Valle Garc\u00eda (Direktor der asturianischen Agentur Entwicklungszusammenarbeit), werden bei der Feier Silvia Junco (Mitglied des Delegate f\u00fcr die Zusammenarbeit f\u00fcr die [&hellip;]<\/p>\n","protected":false},"author":1,"featured_media":0,"comment_status":"close","ping_status":"open","sticky":false,"template":"","format":"standard","meta":{"footnotes":""},"categories":[3],"tags":[7834,7823,7827,7818,7836,7832,7839,7838,7835,7828,7824,7813,7822,7820,7816,7826,7833,7810,7814,7837,7831,7815,7830,7819,7817,7811,7825,7829,7812,7821,7809],"class_list":{"0":"post-2111","1":"post","2":"type-post","3":"status-publish","4":"format-standard","5":"hentry","6":"category-allgemeine","7":"tag-7834","8":"tag-direktor","9":"tag-mitglied","10":"tag-oviedo","11":"tag-prsident","12":"tag-spanien","13":"tag-broviedo","14":"tag-asturias","15":"tag-casado","16":"tag-delegate","17":"tag-entwicklungszusammenarbeit","18":"tag-erffnungsausstellung","19":"tag-garca","20":"tag-gonzlez","21":"tag-h","22":"tag-junco","23":"tag-koordinatorin","24":"tag-labyrinth","25":"tag-malaria","26":"tag-medicusmundi","27":"tag-medium","28":"tag-montag","30":"tag-patricia","31":"tag-plaza","32":"tag-quadrat","33":"tag-silvia","34":"tag-stadtrats","35":"tag-trascorrales","36":"tag-valle","37":"tag-welt","38":"et-doesnt-have-format-content","39":"et_post_format-et-post-format-standard"},"_links":{"self":[{"href":"https:\/\/www.best-dentist-dentistry.com\/de\/wp-json\/wp\/v2\/posts\/2111","targetHints":{"allow":["GET"]}}],"collection":[{"href":"https:\/\/www.best-dentist-dentistry.com\/de\/wp-json\/wp\/v2\/posts"}],"about":[{"href":"https:\/\/www.best-dentist-dentistry.com\/de\/wp-json\/wp\/v2\/types\/post"}],"author":[{"embeddable":true,"href":"https:\/\/www.best-dentist-dentistry.com\/de\/wp-json\/wp\/v2\/users\/1"}],"replies":[{"embeddable":true,"href":"https:\/\/www.best-dentist-dentistry.com\/de\/wp-json\/wp\/v2\/comments?post=2111"}],"version-history":[{"count":0,"href":"https:\/\/www.best-dentist-dentistry.com\/de\/wp-json\/wp\/v2\/posts\/2111\/revisions"}],"wp:attachment":[{"href":"https:\/\/www.best-dentist-dentistry.com\/de\/wp-json\/wp\/v2\/media?parent=2111"}],"wp:term":[{"taxonomy":"category","embeddable":true,"href":"https:\/\/www.best-dentist-dentistry.com\/de\/wp-json\/wp\/v2\/categories?post=2111"},{"taxonomy":"post_tag","embeddable":true,"href":"https:\/\/www.best-dentist-dentistry.com\/de\/wp-json\/wp\/v2\/tags?post=2111"}],"curies":[{"name":"wp","href":"https:\/\/api.w.org\/{rel}","templated":true}]}}