{"id":2130,"date":"2014-08-21T11:08:06","date_gmt":"2014-08-21T11:08:06","guid":{"rendered":null},"modified":"2014-08-21T11:08:06","modified_gmt":"2014-08-21T11:08:06","slug":"cocemfe-calls-for-respect-for-the-rights-of-persons-with-disabilities","status":"publish","type":"post","link":"https:\/\/www.best-dentist-dentistry.com\/de\/cocemfe-calls-for-respect-for-the-rights-of-persons-with-disabilities\/2130","title":{"rendered":"COCEMFE fordert die Achtung der Rechte von Menschen mit Behinderungen"},"content":{"rendered":"<p><font   size=\"2\"> <strong><font size=\"3\"> COCEMFE fordert die Achtung der Rechte von Menschen mit Behinderungen <br \/><\/font> <br \/> Parlamentswahlen 20N<\/strong> <\/p>\n<p>-gestern 24. Oktober feiert den Tag der Vereinten Nationen <\/p>\n<p>-COCEMFE-Aufrufe f\u00fcr die Einhaltung der UN-Behinderung rights Convention <\/p>\n<p>-die Anpassung der Rechtsvorschriften Spanisch des \u00dcbereinkommens ist bereits in Kraft <\/p>\n<p> <strong>Madrid, Oktober 2011<\/strong> die Spanische Konf\u00f6deration von Menschen mit Behinderung und organischen (COCEMFE) fordert die politischen Kr\u00e4fte, die im allgemeinen Wahlen gew\u00e4hlt werden, die \u00dcbereinstimmung mit den Anpassungen der spanischen Gesetzgebung zu dem internationalen \u00dcbereinkommen \u00fcber die Rechte von Menschen mit Behinderungen von den Vereinten Nationen \u00fcberwachtnahm vor kurzem und bereits in Kraft. <\/p>\n<p>Zeitgleich mit dem Tag der Vereinten Nationen, die gestern stattfand, Oktober 24, der Pr\u00e4sident von COCEMFE, Mario Garc\u00eda, gew\u00e4hrleistet, dass diese Anpassungen  sind unerl\u00e4sslich, um zu erreichen, dass die k\u00fcnftigen Verordnungen, Richtlinien und \u00f6ffentlichen Ma\u00dfnahmen f\u00fcr Menschen mit Behinderungen die integrative Sicht und die Achtung der Menschenrechte aufgenommen &#8221;. <\/p>\n<p>  Genehmigt Anpassung ist ein wichtiger Schritt vorw\u00e4rts in der Verteidigung der Rechte von Menschen mit Behinderungen, da es alle die Probleme und sorgen der assoziativen Bewegung der Behinderung nimmt und die Anwendung des Rechts der Chancengleichheit, Nichtdiskriminierung und universellen Zug\u00e4nglichkeit verst\u00e4rkt &#8221;, merkt Garc\u00eda. <\/p>\n<p>Auf die gleiche Weise haben verschiedene Gesetze, die Behinderung als eine neue Ursache der nicht-Diskriminierung des einzelnen in seiner Beziehung zu den verschiedenen Verwaltungen der Volksgesundheit enth\u00e4lt. Im Hinblick auf Geh\u00e4use, es beinhaltet Fortschritte wie die Erh\u00f6hung von 3 % bis 4 % von bezahlbaren Wohnungen in F\u00f6rderung der offiziellen Schutz, die Verpflichtung zur Durchf\u00fchrung Weitere Eingabehilfen arbeitet in den Gemeinden von Nachbarn, Erh\u00f6hung von 3 bis 12, die Zahl der monatlichen Zahlungen an als maximale kostet eine solche reform, und die Einrichtung von Beratungsstellen f\u00fcr Performances und Zug\u00e4nglichkeit arbeitet an der Verbesserung der Lebensqualit\u00e4t des Kollektivs. <\/p>\n<p>  Auf die Besch\u00e4ftigung, umfasst zwei relevante Fragen zu den enormen Unterschied zwischen die Erwerbsquote von Menschen mit Behinderungen und der Bev\u00f6lkerung im Allgemeinen zu bek\u00e4mpfen: erweitert bis zu 7 % Quote Eigentumsvorbehalt offene Stellen im \u00f6ffentlichen Angebote und Bestellungen Ma\u00dfnahmen, um sicherzustellen, dass Unternehmen von mehr als 50 Arbeitnehmern die Reserve von 2 % des einhalten Ihre Arbeit &#8221;, sagt der Pr\u00e4sident des COCEMFE. <\/p>\n<p>Die Spanisch-Bund von Menschen mit Behinderung und organischen (COCEMFE) ist eine nichtstaatliche gemeinn\u00fctzige, die 1980 gegr\u00fcndet wurde. Es zielt darauf ab zu vereinigen, St\u00e4rkung und Koordinierung und Aktivit\u00e4ten von Personen zugunsten von Personen mit Behinderungen physikalische und organische, ihre Rechte zu verteidigen und ihre Lebensqualit\u00e4t zu verbessern. Das Unternehmen vereint mehr als 1.360 Organisationen aufgeteilt autonome Konf\u00f6derationen, staatlichen Institutionen und provinziellen Verb\u00e4nde, die wiederum unterschiedlichen lokalen Verb\u00e4nden gruppiert. <\/p>\n<p><\/font><\/p>\n","protected":false},"excerpt":{"rendered":"<p>COCEMFE fordert die Achtung der Rechte von Menschen mit Behinderungen Parlamentswahlen 20N -gestern 24. Oktober feiert den Tag der Vereinten Nationen -COCEMFE-Aufrufe f\u00fcr die Einhaltung der UN-Behinderung rights Convention -die Anpassung der Rechtsvorschriften Spanisch des \u00dcbereinkommens ist bereits in Kraft Madrid, Oktober 2011 die Spanische Konf\u00f6deration von Menschen mit Behinderung und organischen (COCEMFE) fordert die [&hellip;]<\/p>\n","protected":false},"author":1,"featured_media":0,"comment_status":"close","ping_status":"open","sticky":false,"template":"","format":"standard","meta":{"footnotes":""},"categories":[3],"tags":[7938,7935,7937,7936],"class_list":["post-2130","post","type-post","status-publish","format-standard","hentry","category-allgemeine","tag-20n","tag-association","tag-parlamentswahlen","tag-rechte","et-doesnt-have-format-content","et_post_format-et-post-format-standard"],"_links":{"self":[{"href":"https:\/\/www.best-dentist-dentistry.com\/de\/wp-json\/wp\/v2\/posts\/2130","targetHints":{"allow":["GET"]}}],"collection":[{"href":"https:\/\/www.best-dentist-dentistry.com\/de\/wp-json\/wp\/v2\/posts"}],"about":[{"href":"https:\/\/www.best-dentist-dentistry.com\/de\/wp-json\/wp\/v2\/types\/post"}],"author":[{"embeddable":true,"href":"https:\/\/www.best-dentist-dentistry.com\/de\/wp-json\/wp\/v2\/users\/1"}],"replies":[{"embeddable":true,"href":"https:\/\/www.best-dentist-dentistry.com\/de\/wp-json\/wp\/v2\/comments?post=2130"}],"version-history":[{"count":0,"href":"https:\/\/www.best-dentist-dentistry.com\/de\/wp-json\/wp\/v2\/posts\/2130\/revisions"}],"wp:attachment":[{"href":"https:\/\/www.best-dentist-dentistry.com\/de\/wp-json\/wp\/v2\/media?parent=2130"}],"wp:term":[{"taxonomy":"category","embeddable":true,"href":"https:\/\/www.best-dentist-dentistry.com\/de\/wp-json\/wp\/v2\/categories?post=2130"},{"taxonomy":"post_tag","embeddable":true,"href":"https:\/\/www.best-dentist-dentistry.com\/de\/wp-json\/wp\/v2\/tags?post=2130"}],"curies":[{"name":"wp","href":"https:\/\/api.w.org\/{rel}","templated":true}]}}