{"id":21356,"date":"2012-10-22T02:27:20","date_gmt":"2012-10-22T02:27:20","guid":{"rendered":null},"modified":"-0001-11-30T00:00:00","modified_gmt":"-0001-11-30T00:00:00","slug":"ccoo-he-fears-the-health-savings-announced-by-the-government-to-materialize-in-cuts-in-staff-and-salaries","status":"publish","type":"post","link":"https:\/\/www.best-dentist-dentistry.com\/de\/ccoo-he-fears-the-health-savings-announced-by-the-government-to-materialize-in-cuts-in-staff-and-salaries\/21356","title":{"rendered":"ccoo he fears the health savings announced by the government to materialize in cuts in staff and salaries"},"content":{"rendered":"<p class=\"first\"> <span class=\"yshortcuts\" id=\"lw_1333993395_0\"> MADRID<\/span>, 09 (<span class=\"yshortcuts\" id=\"lw_1333993395_1\"> EUROPA PRESS<\/span>)<\/p>\n<p>Der <span class=\"yshortcuts\" id=\"lw_1333993395_2\"> Generalsekret\u00e4r<\/span> der <span class=\"yshortcuts\" id=\"lw_1333993395_3\"> Federation<\/span> of Gesundheit der Comisiones Obreras, Antonio Cabrera, hat gezeigt, seine Besorgnis \u00fcber die M\u00f6glichkeit der Gesundheit Schnitte, die von der Regierung angek\u00fcndigten K\u00fcrzungen beim Personal realisiert oder Reduktion-Profis zu f\u00fchren, wie es in diesem Jahr in vielen Regionen, seit dies es geschah hie\u00dfe &#8220;eine Verschlechterung der Leistungen&#8221;.<\/p>\n<p>&#8220;Die Regierung m\u00fcssen angeben, ob ihre Politik der K\u00fcrzungen in Linie entwickelt in diesem Jahr von den autonomen Gemeinschaften, die Einstellungen des Tages umgesetzt gehen, senkte L\u00f6hne und Entlassungen, Kosten zu senken.&#8221; &#8220;Das einfachste ist, Personalkosten zu reduzieren und uns besch\u00e4ftigen, wie diese, die zu einer Verschlechterung der Leistungen f\u00fchren wird&#8221;, wies er auf Europa Press.<\/p>\n<p>Der Pr\u00e4sident der Regierung, Mariano Rajoy, reagierte am Montag auf die Sorge der M\u00e4rkte mit einem neuen Paket Reformen in Bildung und Gesundheit, mit denen die Exekutive eine Einsparung von \u20ac 10 Milliarden stellt.<\/p>\n<p>Insbesondere Rajoy zitiert in der Moncloa-Palast mit dem Minister f\u00fcr Gesundheit, Ana Mato, und der Minister f\u00fcr Bildung, Jos\u00e9 Ignacio Wert, &#8220;definieren das nationale Programm der Reformen&#8221; und &#8220;Bestimmung der Reformen zur Erreichung gr\u00f6\u00dferer Rationalisierung, Beseitigung von Doppelarbeit und Effizienz bei der Verwaltung gro\u00dfer \u00f6ffentlicher Dienstleistungen, die in diesem Monat gestartet&#8221;, wie das Ministerium f\u00fcr die Pr\u00e4sidentschaft in einer Erkl\u00e4rung mitteilte.<\/p>\n","protected":false},"excerpt":{"rendered":"<p>MADRID, 09 ( EUROPA PRESS) Der Generalsekret\u00e4r der Federation of Gesundheit der Comisiones Obreras, Antonio Cabrera, hat gezeigt, seine Besorgnis \u00fcber die M\u00f6glichkeit der Gesundheit Schnitte, die von der Regierung angek\u00fcndigten K\u00fcrzungen beim Personal realisiert oder Reduktion-Profis zu f\u00fchren, wie es in diesem Jahr in vielen Regionen, seit dies es geschah hie\u00dfe &#8220;eine Verschlechterung der [&hellip;]<\/p>\n","protected":false},"author":1,"featured_media":0,"comment_status":"close","ping_status":"open","sticky":false,"template":"","format":"standard","meta":{"footnotes":""},"categories":[3],"tags":[],"class_list":["post-21356","post","type-post","status-publish","format-standard","hentry","category-allgemeine","et-doesnt-have-format-content","et_post_format-et-post-format-standard"],"_links":{"self":[{"href":"https:\/\/www.best-dentist-dentistry.com\/de\/wp-json\/wp\/v2\/posts\/21356","targetHints":{"allow":["GET"]}}],"collection":[{"href":"https:\/\/www.best-dentist-dentistry.com\/de\/wp-json\/wp\/v2\/posts"}],"about":[{"href":"https:\/\/www.best-dentist-dentistry.com\/de\/wp-json\/wp\/v2\/types\/post"}],"author":[{"embeddable":true,"href":"https:\/\/www.best-dentist-dentistry.com\/de\/wp-json\/wp\/v2\/users\/1"}],"replies":[{"embeddable":true,"href":"https:\/\/www.best-dentist-dentistry.com\/de\/wp-json\/wp\/v2\/comments?post=21356"}],"version-history":[{"count":0,"href":"https:\/\/www.best-dentist-dentistry.com\/de\/wp-json\/wp\/v2\/posts\/21356\/revisions"}],"wp:attachment":[{"href":"https:\/\/www.best-dentist-dentistry.com\/de\/wp-json\/wp\/v2\/media?parent=21356"}],"wp:term":[{"taxonomy":"category","embeddable":true,"href":"https:\/\/www.best-dentist-dentistry.com\/de\/wp-json\/wp\/v2\/categories?post=21356"},{"taxonomy":"post_tag","embeddable":true,"href":"https:\/\/www.best-dentist-dentistry.com\/de\/wp-json\/wp\/v2\/tags?post=21356"}],"curies":[{"name":"wp","href":"https:\/\/api.w.org\/{rel}","templated":true}]}}