{"id":2139,"date":"2014-08-25T23:08:05","date_gmt":"2014-08-25T23:08:05","guid":{"rendered":null},"modified":"2014-08-25T23:08:05","modified_gmt":"2014-08-25T23:08:05","slug":"the-residence-of-san-juan-upgrading-its-facilities","status":"publish","type":"post","link":"https:\/\/www.best-dentist-dentistry.com\/de\/the-residence-of-san-juan-upgrading-its-facilities\/2139","title":{"rendered":"Die Residenz von San Juan, die Modernisierung der Ausstattung."},"content":{"rendered":"<p>La Residence de San Juan <strong>aktualisieren ihre Ausstattung. <\/p>\n<p><font size=\"2\"> EI Alicante Zentrum wird von November bis Ende Februar. geschlossen<\/font><\/strong><font size=\"2\"> <\/p>\n<p> <strong>Madrid, Oktober 2011<\/strong> der komplexen Residencial Dr. P\u00e9rez Mateos, befindet sich in der Stadt San Juan Alicante, schlie\u00dft vor\u00fcbergehend seine T\u00fcren zu Reformen mit dem Ziel der Verbesserung der Einrichtungen und Dienste, die er anbietet. Nach Jahren des kontinuierlichen Aufmerksamkeit national Health Prognose Symbiosepartneruntersucht und Familien &#8212; PSN wird Hauptaktion\u00e4r der Arzt P\u00e9rez Mateos S.A. &#8212;, die Residenz erfordert eine Reform, die erlaubt, ihre Anlagen an die neuen Zeiten und die Bed\u00fcrfnisse der Bewohner und Besucher anzupassen. <\/p>\n<p>Verbesserungsma\u00dfnahmen begonnen haben, bereits, und unter ihnen, die Modernisierung und voller Ausstattung elektrische, Wasser und Aufz\u00fcge, unter anderem auch mit dem Ziel der Optimierung der Verbrauch zu \u00fcberpr\u00fcfen. <\/p>\n<p>Die Wiederer\u00f6ffnung des Wohnsitzes von San Juan ist f\u00fcr Ende des Monats Februar geplant. Die vor\u00fcbergehende Schlie\u00dfung, das deckt sich mit den Monaten der niedrigsten Besetzung, und das wirkt sich auch sehr positiv auf die Konten der Gesellschaft, bedeutete die Novation von Vertr\u00e4gen des Personals des Wohnsitzes, die Teil der Vorlage der PSN-Gruppe, Kategorien und Antiquit\u00e4ten werden weiterhinDa sie, mit dem Betriebsrat-Abkommen, die beste L\u00f6sung f\u00fcr Arbeitsvertr\u00e4ge \u00e4ndern und f\u00fcr die Umwandlung in festen diskontinuierlichen, behaupten Mitarbeiter des Komplexes sind Teil des Projekts, dem Kunden und das Unternehmen hat mit ihnen versucht hat. <\/p>\n<p>Dr. P\u00e9rez Mateos erwartet auch Verbesserungen, um n\u00e4chstes Jahr die Besetzung, sowohl in den Urlaub Segment Unternehmen und Ereignisse zu steigern, weil es mit 10 Tagungsr\u00e4ume und ein 400 Sitz Amphitheater teilbar in zwei z\u00e4hlt. <\/p>\n<p><strong>Residential komplexe<\/strong> <\/p>\n<p>Die komplexe Residencial Dr. P\u00e9rez Mateos ist ein weitere 65.000 Quadratmetern mit mehr als 50 Jahren Geschichte, die im Zusammenhang mit nationalen Gesundheitsversorgung. Das Zentrum hat seit vielen Jahren ein Ort der Urlaub-Freizeit-Gruppen, die Teilnahme an gemeinsamen. Der Komplex verf\u00fcgt \u00fcber 3 Geb\u00e4ude mit Kapazit\u00e4t f\u00fcr mehr als 570 Personen, sowie eine Reihe von Diensten f\u00fcr die Wahrnehmung der mutualistisch, darunter 10 R\u00e4ume f\u00fcr Kongresse, Gr\u00fcnfl\u00e4chen, zwei Swimmingpools, Tennispl\u00e4tze, Golf-\u00dcbungsplatz, Fu\u00dfballfeld und ein Gymnasium gem\u00e4\u00df, unter anderem. <\/p>\n<p><\/font><\/p>\n","protected":false},"excerpt":{"rendered":"<p>La Residence de San Juan aktualisieren ihre Ausstattung. EI Alicante Zentrum wird von November bis Ende Februar. geschlossen Madrid, Oktober 2011 der komplexen Residencial Dr. P\u00e9rez Mateos, befindet sich in der Stadt San Juan Alicante, schlie\u00dft vor\u00fcbergehend seine T\u00fcren zu Reformen mit dem Ziel der Verbesserung der Einrichtungen und Dienste, die er anbietet. Nach Jahren [&hellip;]<\/p>\n","protected":false},"author":1,"featured_media":0,"comment_status":"close","ping_status":"open","sticky":false,"template":"","format":"standard","meta":{"footnotes":""},"categories":[3],"tags":[7976,7975,7977,7972,7974,7973],"class_list":["post-2139","post","type-post","status-publish","format-standard","hentry","category-allgemeine","tag-brei","tag-ausstattung","tag-geschlossen","tag-krper","tag-modernisierung","tag-residenz","et-doesnt-have-format-content","et_post_format-et-post-format-standard"],"_links":{"self":[{"href":"https:\/\/www.best-dentist-dentistry.com\/de\/wp-json\/wp\/v2\/posts\/2139","targetHints":{"allow":["GET"]}}],"collection":[{"href":"https:\/\/www.best-dentist-dentistry.com\/de\/wp-json\/wp\/v2\/posts"}],"about":[{"href":"https:\/\/www.best-dentist-dentistry.com\/de\/wp-json\/wp\/v2\/types\/post"}],"author":[{"embeddable":true,"href":"https:\/\/www.best-dentist-dentistry.com\/de\/wp-json\/wp\/v2\/users\/1"}],"replies":[{"embeddable":true,"href":"https:\/\/www.best-dentist-dentistry.com\/de\/wp-json\/wp\/v2\/comments?post=2139"}],"version-history":[{"count":0,"href":"https:\/\/www.best-dentist-dentistry.com\/de\/wp-json\/wp\/v2\/posts\/2139\/revisions"}],"wp:attachment":[{"href":"https:\/\/www.best-dentist-dentistry.com\/de\/wp-json\/wp\/v2\/media?parent=2139"}],"wp:term":[{"taxonomy":"category","embeddable":true,"href":"https:\/\/www.best-dentist-dentistry.com\/de\/wp-json\/wp\/v2\/categories?post=2139"},{"taxonomy":"post_tag","embeddable":true,"href":"https:\/\/www.best-dentist-dentistry.com\/de\/wp-json\/wp\/v2\/tags?post=2139"}],"curies":[{"name":"wp","href":"https:\/\/api.w.org\/{rel}","templated":true}]}}