{"id":21437,"date":"2012-10-22T02:36:53","date_gmt":"2012-10-22T02:36:53","guid":{"rendered":null},"modified":"-0001-11-30T00:00:00","modified_gmt":"-0001-11-30T00:00:00","slug":"the-american-college-of-physicians-a-honorable-scholarship-awarded-to-the-president-of-the-spanish-society-of-internal-medicine","status":"publish","type":"post","link":"https:\/\/www.best-dentist-dentistry.com\/de\/the-american-college-of-physicians-a-honorable-scholarship-awarded-to-the-president-of-the-spanish-society-of-internal-medicine\/21437","title":{"rendered":"the american college of physicians a honorable scholarship awarded to the president of the spanish society of internal medicine"},"content":{"rendered":"<p class=\"first\"> MADRID, 3 (EUROPA PRESS)<\/p>\n<p><span class=\"yshortcuts\" id=\"lw_1336062438_8\"> The American College of Physicians<\/span> (ACP), gehalten w\u00e4hrend der Jahrestagung in New Orleans, hat ein honorary Fellowship der Pr\u00e4sident der <span class=\"yshortcuts\" id=\"lw_1336062438_1\"> spanischen Gesellschaft f\u00fcr Innere Medizin<\/span> (SEMI) und Direktor der Abteilung f\u00fcr Medizin der Hospital Costa del Sol, Javier Garc\u00eda Alegr\u00eda interne gew\u00e4hrt.<\/p>\n<p>Ma\u00df von der Universidad Complutense Madrid und einen Doktortitel in Medizin an der Universit\u00e4t von C\u00f3rdoba, Freude Garcia benannt wurde, Pr\u00e4sident der spanischen Gesellschaft f\u00fcr Innere Medizin (SEMI) im Oktober 2010 nach vier Jahren Vizepr\u00e4sident der Gesellschaft. Dar\u00fcber hinaus ist er Direktor des integrierten Bereich medizinisches Management des Zentrums, wo er nach medizinischer Direktor bei dem Hospital Universitario Reina Sof\u00eda von C\u00f3rdoba zog. <\/p>\n<p>Im Bereich Lehre Garcia Freude ist auch au\u00dferordentlicher Professor der Abteilung f\u00fcr Medizin der Universit\u00e4t Malaga und Profesor Colaborador der andalusischen Schule der \u00f6ffentlichen Gesundheit und der Universidad Internacional de Andaluc\u00eda.<\/p>\n<p>Internationales Treffen<\/p>\n<p>Joy Garcia hat dieses Stipendium Honorable im Rahmen des internationalen Treffens organisiert j\u00e4hrlich von ACP mit dem Ziel der Austausch von Erfahrungen und geben alle F\u00fchrungskr\u00e4fte der unterschiedlichen Verb\u00e4nden und nationalen Gesellschaften, die M\u00f6glichkeit, ein Forum wo man alle Aspekte zu teilen haben mit zu Innere Medizin, au\u00dferhalb ihrer Grenzen Bezug erhalten.<\/p>\n<p>Bei dieser Gelegenheit hat das Programm die M\u00f6glichkeit, Fragen durch Innere Medizin-Module, die eine vorl\u00e4ufige Analyse der Inhalte f\u00fcr die Auswahl der wissenschaftlichen Sitzungen zul\u00e4ssig, die Teilnehmer gehen enthalten.<\/p>\n<p>Eine Liste der Workshops und andere Veranstaltungen aus dem Jahr ausschlie\u00dflich f\u00fcr Medizinstudenten, Bewohner und junge \u00c4rzte haben auch stattgefunden. Dar\u00fcber hinaus hatte dieses Treffen Sonderveranstaltungen und der neuesten Technologie und Kommunikation \u00fcber social Networking und video-Conferencing f\u00fcr Weiterverbreitung und Entladen von den verschiedenen wissenschaftlichen Sitzungen. <\/p>\n","protected":false},"excerpt":{"rendered":"<p>MADRID, 3 (EUROPA PRESS) The American College of Physicians (ACP), gehalten w\u00e4hrend der Jahrestagung in New Orleans, hat ein honorary Fellowship der Pr\u00e4sident der spanischen Gesellschaft f\u00fcr Innere Medizin (SEMI) und Direktor der Abteilung f\u00fcr Medizin der Hospital Costa del Sol, Javier Garc\u00eda Alegr\u00eda interne gew\u00e4hrt. Ma\u00df von der Universidad Complutense Madrid und einen Doktortitel [&hellip;]<\/p>\n","protected":false},"author":1,"featured_media":0,"comment_status":"close","ping_status":"open","sticky":false,"template":"","format":"standard","meta":{"footnotes":""},"categories":[3],"tags":[],"class_list":["post-21437","post","type-post","status-publish","format-standard","hentry","category-allgemeine","et-doesnt-have-format-content","et_post_format-et-post-format-standard"],"_links":{"self":[{"href":"https:\/\/www.best-dentist-dentistry.com\/de\/wp-json\/wp\/v2\/posts\/21437","targetHints":{"allow":["GET"]}}],"collection":[{"href":"https:\/\/www.best-dentist-dentistry.com\/de\/wp-json\/wp\/v2\/posts"}],"about":[{"href":"https:\/\/www.best-dentist-dentistry.com\/de\/wp-json\/wp\/v2\/types\/post"}],"author":[{"embeddable":true,"href":"https:\/\/www.best-dentist-dentistry.com\/de\/wp-json\/wp\/v2\/users\/1"}],"replies":[{"embeddable":true,"href":"https:\/\/www.best-dentist-dentistry.com\/de\/wp-json\/wp\/v2\/comments?post=21437"}],"version-history":[{"count":0,"href":"https:\/\/www.best-dentist-dentistry.com\/de\/wp-json\/wp\/v2\/posts\/21437\/revisions"}],"wp:attachment":[{"href":"https:\/\/www.best-dentist-dentistry.com\/de\/wp-json\/wp\/v2\/media?parent=21437"}],"wp:term":[{"taxonomy":"category","embeddable":true,"href":"https:\/\/www.best-dentist-dentistry.com\/de\/wp-json\/wp\/v2\/categories?post=21437"},{"taxonomy":"post_tag","embeddable":true,"href":"https:\/\/www.best-dentist-dentistry.com\/de\/wp-json\/wp\/v2\/tags?post=21437"}],"curies":[{"name":"wp","href":"https:\/\/api.w.org\/{rel}","templated":true}]}}