{"id":2145,"date":"2014-08-29T23:08:04","date_gmt":"2014-08-29T23:08:04","guid":{"rendered":null},"modified":"2014-08-29T23:08:04","modified_gmt":"2014-08-29T23:08:04","slug":"cocemfe-celebrated-a-few-days-to-combat-gender-based-violence","status":"publish","type":"post","link":"https:\/\/www.best-dentist-dentistry.com\/de\/cocemfe-celebrated-a-few-days-to-combat-gender-based-violence\/2145","title":{"rendered":"COCEMFE feierte ein paar Tage zur Bek\u00e4mpfung von geschlechtsbezogener Gewalt"},"content":{"rendered":"<p><font   size=\"2\"> <font size=\"3\"> <strong>COCEMFE feierte ein paar Tage zur Bek\u00e4mpfung geschlechtsbezogener Gewalt<\/strong><\/font> <\/p>\n<p>-Die Konferenz konzentriert sich auf die Verh\u00fctung von Gewalt gegen Frauen mit Behinderungen <\/p>\n<p>-entfallen etwa 60 % der gesamten Bev\u00f6lkerung mit Behinderungen in unserem Land <\/p>\n<p>-die Sitzung findet von 25 bis 28 Oktober in der Burg von San Servando de Toledo <\/p>\n<p> <strong>Madrid, Oktober 2011<\/strong> Spanisch Bund von Menschen mit Behinderung und organischen (COCEMFE) feiert ein Jahr mehr die Schulungsseminare f\u00fcr Frauen und Behinderung von 25 bis 28 Oktober in der Burg von San Servando de Toledo, in seine neunte Edition nach Titel  Bewusstsein und das Bewusstsein f\u00fcr Gewalt gegen Frauen mit Behinderungen &#8221;. <\/p>\n<p>Die feierliche Er\u00f6ffnung fand gestern in der Burg San Servando de Toledo (Anstieg der Burg s\/n) und wurde dem Generaldirektor der \u00e4lteren Menschen, Behinderung und Abh\u00e4ngigkeit, Juan Jos\u00e9 Garc\u00eda Ferrer, Generalsekret\u00e4r der Organisation der staatlichen COCEMFE, Roser Romero Soldevila und der Pr\u00e4sidenten der regionalen F\u00f6deration von behinderten Frauen anvertrautMond Castilla &#8211; La Mancha, Ana Quintanilla Garc\u00eda. <\/p>\n<p>Innerhalb der technischen Universit\u00e4t von COCEMFE, in Zusammenarbeit mit der nationalen Konf\u00f6deration von Frauen mit Behinderungen organisiert, die Konferenz zielte darauf ab, Bewusstsein, analysieren und Vorschl\u00e4ge auf die Forderungen der Frauen von der Gruppe fast 60 % der Gesamtbev\u00f6lkerung mit Behinderungen in unser Land. <\/p>\n<p>Dieses Jahr werden die Verh\u00fctung von Gewalt gegen Frauen im Bereich der Behinderung das zentrale Thema der Konferenz. Auf diese Weise zielt darauf ab, die sichtbar machen, das eine Tiefe erfordert ein bislang unbekanntes Problem Ansatz und brachte vor, die Beh\u00f6rden und die Gesellschaft nach L\u00f6sungen zu suchen. <\/p>\n<p>Auch werden bei diesem Treffen pr\u00e4sentiert die verschiedenen Aktionen, die Teil des Programms der Pr\u00e4vention der Gewalt, die COCEMFE in 2010 entwickelt wurde. <\/p>\n<p>Die Spanisch-Bund von Menschen mit Behinderung und organischen (COCEMFE) ist eine nichtstaatliche gemeinn\u00fctzige, die 1980 gegr\u00fcndet wurde. Es zielt darauf ab zu vereinigen, St\u00e4rkung und Koordinierung und Aktivit\u00e4ten von Personen zugunsten von Personen mit Behinderungen physikalische und organische, ihre Rechte zu verteidigen und ihre Lebensqualit\u00e4t zu verbessern. Das Unternehmen vereint mehr als 1.360 Organisationen aufgeteilt in regionalen Konf\u00f6derationen, staatlichen Institutionen und provinziellen Verb\u00e4nde, die wiederum verschiedene Verb\u00e4nde R\u00e4umlichkeiten. zusammenzubringen <\/p>\n<p><\/font><\/p>\n","protected":false},"excerpt":{"rendered":"<p>COCEMFE feierte ein paar Tage zur Bek\u00e4mpfung geschlechtsbezogener Gewalt -Die Konferenz konzentriert sich auf die Verh\u00fctung von Gewalt gegen Frauen mit Behinderungen -entfallen etwa 60 % der gesamten Bev\u00f6lkerung mit Behinderungen in unserem Land -die Sitzung findet von 25 bis 28 Oktober in der Burg von San Servando de Toledo Madrid, Oktober 2011 Spanisch Bund [&hellip;]<\/p>\n","protected":false},"author":1,"featured_media":0,"comment_status":"close","ping_status":"open","sticky":false,"template":"","format":"standard","meta":{"footnotes":""},"categories":[3],"tags":[7988,7990,7989],"class_list":["post-2145","post","type-post","status-publish","format-standard","hentry","category-allgemeine","tag-ptico-optometrista","tag-geschlechtsbezogener","tag-paar","et-doesnt-have-format-content","et_post_format-et-post-format-standard"],"_links":{"self":[{"href":"https:\/\/www.best-dentist-dentistry.com\/de\/wp-json\/wp\/v2\/posts\/2145","targetHints":{"allow":["GET"]}}],"collection":[{"href":"https:\/\/www.best-dentist-dentistry.com\/de\/wp-json\/wp\/v2\/posts"}],"about":[{"href":"https:\/\/www.best-dentist-dentistry.com\/de\/wp-json\/wp\/v2\/types\/post"}],"author":[{"embeddable":true,"href":"https:\/\/www.best-dentist-dentistry.com\/de\/wp-json\/wp\/v2\/users\/1"}],"replies":[{"embeddable":true,"href":"https:\/\/www.best-dentist-dentistry.com\/de\/wp-json\/wp\/v2\/comments?post=2145"}],"version-history":[{"count":0,"href":"https:\/\/www.best-dentist-dentistry.com\/de\/wp-json\/wp\/v2\/posts\/2145\/revisions"}],"wp:attachment":[{"href":"https:\/\/www.best-dentist-dentistry.com\/de\/wp-json\/wp\/v2\/media?parent=2145"}],"wp:term":[{"taxonomy":"category","embeddable":true,"href":"https:\/\/www.best-dentist-dentistry.com\/de\/wp-json\/wp\/v2\/categories?post=2145"},{"taxonomy":"post_tag","embeddable":true,"href":"https:\/\/www.best-dentist-dentistry.com\/de\/wp-json\/wp\/v2\/tags?post=2145"}],"curies":[{"name":"wp","href":"https:\/\/api.w.org\/{rel}","templated":true}]}}