{"id":21551,"date":"2012-10-23T02:28:45","date_gmt":"2012-10-23T02:28:45","guid":{"rendered":null},"modified":"-0001-11-30T00:00:00","modified_gmt":"-0001-11-30T00:00:00","slug":"the-conference-of-fao-in-baku-will-face-the-issue-of-obesity-in-europe","status":"publish","type":"post","link":"https:\/\/www.best-dentist-dentistry.com\/de\/the-conference-of-fao-in-baku-will-face-the-issue-of-obesity-in-europe\/21551","title":{"rendered":"the conference of fao in baku will face the issue of obesity in europe"},"content":{"rendered":"<p class=\"first\"> Rom, 17 Apr (EFE).-Ministern und hohen Beamten der europ\u00e4ischen Treffen am 28. regionale Konferenz der FAO f\u00fcr Europa die n\u00e4chsten 19 und 20. April in Baku (Aserbaidschan), um die Probleme der Energieversorgung zu bew\u00e4ltigen und in diesen L\u00e4ndern vor allem Ern\u00e4hrung und Adipositas erh\u00f6hen verwandt sind.<\/p>\n<p>Konferenz der Organisation der Vereinten Nationen f\u00fcr Ern\u00e4hrung und Landwirtschaft (FAO) f\u00fcr Europa und Zentralasien, die alle zwei Jahre stattfindet, diskutieren \u00fcber Fragen der Ern\u00e4hrungssicherheit, Landwirtschaft, Fischerei und W\u00e4lder, die Agentur berichtet heute.<\/p>\n<p>Der FAO ist sehr aktiv gegen den Hunger in der Welt, in diesen L\u00e4ndern &#8220;\u00c4nderungen in der Produktion und Essgewohnheiten werden Unterern\u00e4hrung nicht besorgniserregend machen&#8221; durch was das Hauptthema werden &#8220;die ern\u00e4hrungsbedingten Krankheiten erscheinen als ein Problem der \u00f6ffentlichen Gesundheit&#8221;, zeigt aber eine Notiz des Organismus.<\/p>\n<p>&#8220;Zu Adresse anderen Themen geh\u00f6ren die Art und Weise steigern den Ertrag von Getreide in Osteuropa und im Zusammenhang mit der \u00f6kologischen Nachhaltigkeit der Landwirtschaft&#8221;, f\u00fcgt FAO.<\/p>\n<p>Eines der Dokumente der FAO gescannt werden, erkl\u00e4rt, wie die Entwicklung in den kommenden Jahren in Europa ist &#8220;drop-in den Verbrauch an Getreide zugunsten einer h\u00f6heren Verbrauch von Fleisch und Milchprodukten&#8221;.<\/p>\n<p>&#8220;Diese \u00c4nderung der macht, an dem bereits hohen Niveau der di\u00e4tetischen Energieversorgung angeschlossen wird die Pr\u00e4valenz von \u00dcbergewicht und Adipositas und folglich ern\u00e4hrungsbedingten Krankheiten erh\u00f6hen&#8221;, wird das Dokument hinzugef\u00fcgt.<\/p>\n<p>Projektionen der Preise von Fettleibigkeit in 2030 und 2050, laut dem Dokument &#8220;anzugeben, dass die Risiko-Determinanten der Mortalit\u00e4t von nicht \u00fcbertragbare Krankheiten in den \u00e4rmsten L\u00e4ndern die Anhebung der Ebenen, die noch nie gesehen heute in den L\u00e4ndern der Europ\u00e4ischen Union (EU) betragen werden.<\/p>\n<p>&#8220;<\/p>\n<p>\u00d6ffnet die Konferenz mit der Intervention der Generaldirektor der FAO, Jos\u00e9 Graziano da Silva. EFE<\/p>\n","protected":false},"excerpt":{"rendered":"<p>Rom, 17 Apr (EFE).-Ministern und hohen Beamten der europ\u00e4ischen Treffen am 28. regionale Konferenz der FAO f\u00fcr Europa die n\u00e4chsten 19 und 20. April in Baku (Aserbaidschan), um die Probleme der Energieversorgung zu bew\u00e4ltigen und in diesen L\u00e4ndern vor allem Ern\u00e4hrung und Adipositas erh\u00f6hen verwandt sind. Konferenz der Organisation der Vereinten Nationen f\u00fcr Ern\u00e4hrung und [&hellip;]<\/p>\n","protected":false},"author":1,"featured_media":0,"comment_status":"close","ping_status":"open","sticky":false,"template":"","format":"standard","meta":{"footnotes":""},"categories":[3],"tags":[],"class_list":["post-21551","post","type-post","status-publish","format-standard","hentry","category-allgemeine","et-doesnt-have-format-content","et_post_format-et-post-format-standard"],"_links":{"self":[{"href":"https:\/\/www.best-dentist-dentistry.com\/de\/wp-json\/wp\/v2\/posts\/21551","targetHints":{"allow":["GET"]}}],"collection":[{"href":"https:\/\/www.best-dentist-dentistry.com\/de\/wp-json\/wp\/v2\/posts"}],"about":[{"href":"https:\/\/www.best-dentist-dentistry.com\/de\/wp-json\/wp\/v2\/types\/post"}],"author":[{"embeddable":true,"href":"https:\/\/www.best-dentist-dentistry.com\/de\/wp-json\/wp\/v2\/users\/1"}],"replies":[{"embeddable":true,"href":"https:\/\/www.best-dentist-dentistry.com\/de\/wp-json\/wp\/v2\/comments?post=21551"}],"version-history":[{"count":0,"href":"https:\/\/www.best-dentist-dentistry.com\/de\/wp-json\/wp\/v2\/posts\/21551\/revisions"}],"wp:attachment":[{"href":"https:\/\/www.best-dentist-dentistry.com\/de\/wp-json\/wp\/v2\/media?parent=21551"}],"wp:term":[{"taxonomy":"category","embeddable":true,"href":"https:\/\/www.best-dentist-dentistry.com\/de\/wp-json\/wp\/v2\/categories?post=21551"},{"taxonomy":"post_tag","embeddable":true,"href":"https:\/\/www.best-dentist-dentistry.com\/de\/wp-json\/wp\/v2\/tags?post=21551"}],"curies":[{"name":"wp","href":"https:\/\/api.w.org\/{rel}","templated":true}]}}