{"id":21580,"date":"2012-10-23T02:33:28","date_gmt":"2012-10-23T02:33:28","guid":{"rendered":null},"modified":"-0001-11-30T00:00:00","modified_gmt":"-0001-11-30T00:00:00","slug":"several-wounded-and-detainees-in-another-day-of-protests-of-doctors-in-bolivia","status":"publish","type":"post","link":"https:\/\/www.best-dentist-dentistry.com\/de\/several-wounded-and-detainees-in-another-day-of-protests-of-doctors-in-bolivia\/21580","title":{"rendered":"several wounded and detainees in another day of protests of doctors in bolivia"},"content":{"rendered":"<p class=\"first\"> La Paz, 2 kann (EFE).-eine unbestimmte Anzahl von Menschen heute wurden verletzt und verhaftet in mehreren Zwischenf\u00e4llen w\u00e4hrend der Proteste der \u00c4rzte in der sechsten Woche unbefristeten Streik, durch die Entscheidung von Pr\u00e4sident Evo Morales bis sechs bis acht Stunden t\u00e4gliche Arbeitszeit, offizielle Quellen sagten.<\/p>\n<p>In der N\u00e4he der zentralen Stadt Cochabamba, stie\u00dfen mit Omnibusunternehmen Passagiere betroffen durch eine Blockade der Stra\u00dfe nach La Paz und dann die Polizei Krankenhaus-Arbeitern, Vorf\u00e4lle gel\u00f6scht mit vier verwundet zugelassen in einem Krankenhaus und 14 festgehalten.<\/p>\n<p>\u00c4rzte und Krankenhaus-Arbeitern begann blockieren Stra\u00dfen als Teil ihrer Proteste, einschlie\u00dflich Streikposten Streiks von Hunger und t\u00e4glich Stra\u00dfe M\u00e4rsche, mit die wichtigste St\u00fctze der Universit\u00e4tsstudenten, die Medizin zu studieren.<\/p>\n<p>In La Paz, mehrere Lehrer und Sch\u00fcler waren im Hungerstreik an der medizinischen Fakult\u00e4t der staatlichen Universit\u00e4t wurden Evakuierte Notfall medizinische Zentren nach dem Ausbruch ein paar Meter vom Ort des Tr\u00e4nengas Granaten.<\/p>\n<p>Stellvertretender Minister f\u00fcr Interior Regelungen, Jorge P\u00e9rez, sagte in einer Pressekonferenz, dass die Polizei nichts zu tun mit der Explosion der Granate hatte und abgelehnt wurde die Universit\u00e4t-Ver\u00f6ffentlichungen in Bezug auf die durch verdeckte Ermittler verursacht.<\/p>\n<p>Perez beschrieben dem Vorfall als Kriminelle, kriminelle Handlung, welche &#8220;grenzt an den Terrorismus&#8221; und es wird untersucht werden, obwohl er fremde zugeschrieben, die nach eigenem Ermessen, mit dieser Ex-Demonstrationen, gewaltt\u00e4tig gegen die Regierung zu werden.<\/p>\n<p>F\u00fcgte hinzu, dass die Polizei Universit\u00e4tseinrichtungen nicht betreten k\u00f6nnen, weil die eigenen Studenten sind diejenigen, die seine Sicherheit zum Schutz von Streiks organisiert.<\/p>\n<p>\u00c4rzte und Gesundheitspersonal durchgef\u00fchrt, eine weitere Blockade auf einer Stra\u00dfe zwischen den \u00f6stlichen Departements Santa Cruz und Beni und verk\u00fcndet, dass morgen sie die Stra\u00dfe nach Cochabamba geschnitten werden.<\/p>\n<p>Morales Regierung lehnte die Anforderung des Sektors, das Dekret aufzuheben, das seine sechs bis acht Stunden-Arbeitstag erh\u00f6ht und hat damit begonnen, die Abz\u00fcge f\u00fcr die Hunderte von \u00c4rzten gelten, die die t\u00e4glichen Proteste zu erf\u00fcllen. EFE<\/p>\n<p>ja\/gb\/IE<\/p>\n","protected":false},"excerpt":{"rendered":"<p>La Paz, 2 kann (EFE).-eine unbestimmte Anzahl von Menschen heute wurden verletzt und verhaftet in mehreren Zwischenf\u00e4llen w\u00e4hrend der Proteste der \u00c4rzte in der sechsten Woche unbefristeten Streik, durch die Entscheidung von Pr\u00e4sident Evo Morales bis sechs bis acht Stunden t\u00e4gliche Arbeitszeit, offizielle Quellen sagten. In der N\u00e4he der zentralen Stadt Cochabamba, stie\u00dfen mit Omnibusunternehmen [&hellip;]<\/p>\n","protected":false},"author":1,"featured_media":0,"comment_status":"close","ping_status":"open","sticky":false,"template":"","format":"standard","meta":{"footnotes":""},"categories":[3],"tags":[],"class_list":["post-21580","post","type-post","status-publish","format-standard","hentry","category-allgemeine","et-doesnt-have-format-content","et_post_format-et-post-format-standard"],"_links":{"self":[{"href":"https:\/\/www.best-dentist-dentistry.com\/de\/wp-json\/wp\/v2\/posts\/21580","targetHints":{"allow":["GET"]}}],"collection":[{"href":"https:\/\/www.best-dentist-dentistry.com\/de\/wp-json\/wp\/v2\/posts"}],"about":[{"href":"https:\/\/www.best-dentist-dentistry.com\/de\/wp-json\/wp\/v2\/types\/post"}],"author":[{"embeddable":true,"href":"https:\/\/www.best-dentist-dentistry.com\/de\/wp-json\/wp\/v2\/users\/1"}],"replies":[{"embeddable":true,"href":"https:\/\/www.best-dentist-dentistry.com\/de\/wp-json\/wp\/v2\/comments?post=21580"}],"version-history":[{"count":0,"href":"https:\/\/www.best-dentist-dentistry.com\/de\/wp-json\/wp\/v2\/posts\/21580\/revisions"}],"wp:attachment":[{"href":"https:\/\/www.best-dentist-dentistry.com\/de\/wp-json\/wp\/v2\/media?parent=21580"}],"wp:term":[{"taxonomy":"category","embeddable":true,"href":"https:\/\/www.best-dentist-dentistry.com\/de\/wp-json\/wp\/v2\/categories?post=21580"},{"taxonomy":"post_tag","embeddable":true,"href":"https:\/\/www.best-dentist-dentistry.com\/de\/wp-json\/wp\/v2\/tags?post=21580"}],"curies":[{"name":"wp","href":"https:\/\/api.w.org\/{rel}","templated":true}]}}