{"id":21642,"date":"2012-10-23T03:29:48","date_gmt":"2012-10-23T03:29:48","guid":{"rendered":null},"modified":"-0001-11-30T00:00:00","modified_gmt":"-0001-11-30T00:00:00","slug":"fernando-falca-new-president-of-the-race-foundation","status":"publish","type":"post","link":"https:\/\/www.best-dentist-dentistry.com\/de\/fernando-falca-new-president-of-the-race-foundation\/21642","title":{"rendered":"fernando falca new president of the race foundation"},"content":{"rendered":"<p><strong>Fernando Falc\u00f3, neuer Pr\u00e4sident der Stiftung Rennen.<\/strong> <\/p>\n<p> <font size=\"2\"> <strong>Madrid, Oktober 2012.-<\/strong> des Kuratoriums der Stiftung Rasse, in der Sitzung am letzten Dienstag vereinbart, Fernando Falc\u00f3, Marquis von Cubas, als neuen Pr\u00e4sidenten Miguel Arias Ca\u00f1ete, der hielt diese Position bis das ministerielle Portfolio der Landwirtschaft f\u00fcllen ersetzen zu ernennen. <\/p>\n<p>In dieser neuen Phase \u00fcbernimmt die RACE-Stiftung die Arbeit der Verkehrssicherheit, der Club bisher durchgef\u00fchrten; und wurde als neuer Pr\u00e4sident der Stiftung,  nehmen die Herausforderung der Verkehrssicherheit und Mobilit\u00e4t &#8221;, sowie die Verteidigung der Treiber. <\/p>\n<p>Dar\u00fcber hinaus die Absicht der Stiftung wird weiterhin die Erhaltung und den Ausbau des Fonds-Datei, einer der bedeutendsten in Europa, als auch als Arbeit an Empowerment und Ausstellung der Sammlung von Fahrzeugen, die die Stiftung derzeit hat. <\/p>\n<p align=\"center\"> <img loading=\"lazy\" decoding=\"async\" title=\"\" height=\"300\" alt=\"\" src=\"http:\/\/www.best-dentist-dentistry.com\/best-dentist-images\/fernando-falco-new-president-of-the-race-foundation.jpg\" width=\"450\" align=\"baseline\" border=\"0\"\/> <\/p>\n<p> <em>D. Carmelo Sanz de Barros, President of RACE (links) und Herr Fernando Falco, Pr\u00e4sident der Stiftung Rasse (rechts).<\/em><\/p>\n<p>F\u00fcr seinen Teil, der Pr\u00e4sident der Rasse, Carmelo Sanz de Barros, erkl\u00e4rte, dass diese neue Phase der Stiftung das Projekt, das durch das Board of RACE geh\u00f6rt  Jarama 2021 &#8221;, eine systematische Investitionsplan  sehr wichtig f\u00fcr das Rennen &#8221; und die wird dazu dienen,  geben Sie einen Vertrieb Schub zur Rennstrecke und als Treffpunkt f\u00fcr Automobil-Enthusiasten, als auch f\u00fcr die Automobilindustrie &#8221;, die voraussichtlich in den kommenden Monaten pr\u00e4sentieren zu k\u00f6nnen. <\/p>\n<p>Sanz de Barros machte auch eine Reflexion \u00fcber das Jahr, das an der Spitze des Rennens, wurde angegeben, dass  trotz der Schwierigkeiten, die alle, wie wir uns bewegen, wird es sein, ein positives Jahr f\u00fcr den Club, in dem wir werden am Ende mit Leistungen; mit gesunden Konten und ein Anstieg der kollektiven Kunden &#8221;. <\/p>\n<p>Er f\u00fcgte hinzu, dass die sozialer Frieden in den Scho\u00df der Mitglieder des Vereins, wurde erreicht und  sind noch die Arbeit an dieser Gruppe nicht leiden die H\u00f6hen und tiefen, die bisher aufgetretenen &#8221;. <\/p>\n<p><font size=\"2\"> <strong>\u00fcber Fernando Falco <br \/><\/strong> <br \/> Fernando Falc\u00f3, die die Pr\u00e4sidentschaft Rennen 1976 \u00fcbernommen, der Club war 27 Jahre, in denen wurde Mitglied des Obersten Rats der Verkehrs- und Verkehrssicherheit (Innenministerium) und dem B\u00fcro f\u00fcr urbane Mobilit\u00e4t (Ayuntamiento de Madrid) und, gegr\u00fcndet 1991, der RACE-Stiftung. <\/p>\n<p>1993 Ernannte Falc\u00f3 Vizepr\u00e4sident der FIA (internationalen Automobil-Verband), mit Hauptsitz in Paris, die mehr als 95 Millionen Mitglieder auf der ganzen Welt hatte. <\/p>\n<p>Im Juni 1998 war er Pr\u00e4sident der IWA (International Alliance des Tourismus), jetzt fusioniert mit der FIA und gruppiert, die mehr als 130 Millionen Mitglieder weltweit, Post, die er f\u00fcr 3 Jahre bis 2001 innehatte. <\/p>\n<p>Er war Pr\u00e4sident der CEA (Confederation Espa\u00f1ola de Automobil) von 1993 bis 2002, von denen die wichtigsten Gruppierungen des Automobilsektors (FACONAUTO, FECAVEM, GANVAM, RACC, ANESDOR, ANFAC, ANIACAM SERNAUTO, Rennen) angeh\u00f6rten. <\/p>\n<p>Fernando Falco war au\u00dferdem Vorsitzender des Ausschuss Veranstalter der internationalen Auto Madrid-Show in ihren Ausgaben von 2000 bis 2002 sowie 2004. <\/p>\n<p><\/font><\/font><\/p>\n","protected":false},"excerpt":{"rendered":"<p>Fernando Falc\u00f3, neuer Pr\u00e4sident der Stiftung Rennen. Madrid, Oktober 2012.- des Kuratoriums der Stiftung Rasse, in der Sitzung am letzten Dienstag vereinbart, Fernando Falc\u00f3, Marquis von Cubas, als neuen Pr\u00e4sidenten Miguel Arias Ca\u00f1ete, der hielt diese Position bis das ministerielle Portfolio der Landwirtschaft f\u00fcllen ersetzen zu ernennen. In dieser neuen Phase \u00fcbernimmt die RACE-Stiftung die [&hellip;]<\/p>\n","protected":false},"author":1,"featured_media":0,"comment_status":"close","ping_status":"open","sticky":false,"template":"","format":"standard","meta":{"footnotes":""},"categories":[3],"tags":[32709,32711,32712],"class_list":["post-21642","post","type-post","status-publish","format-standard","hentry","category-allgemeine","tag-einklang","tag-falc","tag-rennen","et-doesnt-have-format-content","et_post_format-et-post-format-standard"],"_links":{"self":[{"href":"https:\/\/www.best-dentist-dentistry.com\/de\/wp-json\/wp\/v2\/posts\/21642","targetHints":{"allow":["GET"]}}],"collection":[{"href":"https:\/\/www.best-dentist-dentistry.com\/de\/wp-json\/wp\/v2\/posts"}],"about":[{"href":"https:\/\/www.best-dentist-dentistry.com\/de\/wp-json\/wp\/v2\/types\/post"}],"author":[{"embeddable":true,"href":"https:\/\/www.best-dentist-dentistry.com\/de\/wp-json\/wp\/v2\/users\/1"}],"replies":[{"embeddable":true,"href":"https:\/\/www.best-dentist-dentistry.com\/de\/wp-json\/wp\/v2\/comments?post=21642"}],"version-history":[{"count":0,"href":"https:\/\/www.best-dentist-dentistry.com\/de\/wp-json\/wp\/v2\/posts\/21642\/revisions"}],"wp:attachment":[{"href":"https:\/\/www.best-dentist-dentistry.com\/de\/wp-json\/wp\/v2\/media?parent=21642"}],"wp:term":[{"taxonomy":"category","embeddable":true,"href":"https:\/\/www.best-dentist-dentistry.com\/de\/wp-json\/wp\/v2\/categories?post=21642"},{"taxonomy":"post_tag","embeddable":true,"href":"https:\/\/www.best-dentist-dentistry.com\/de\/wp-json\/wp\/v2\/tags?post=21642"}],"curies":[{"name":"wp","href":"https:\/\/api.w.org\/{rel}","templated":true}]}}