{"id":21706,"date":"2012-10-24T02:37:33","date_gmt":"2012-10-24T02:37:33","guid":{"rendered":null},"modified":"-0001-11-30T00:00:00","modified_gmt":"-0001-11-30T00:00:00","slug":"a-reference-to-villalobos-a-machismo-generates-a-quarrel-in-congress","status":"publish","type":"post","link":"https:\/\/www.best-dentist-dentistry.com\/de\/a-reference-to-villalobos-a-machismo-generates-a-quarrel-in-congress\/21706","title":{"rendered":"a reference to villalobos a machismo generates a quarrel in congress"},"content":{"rendered":"<p class=\"first\"> Madrid, 17. Mai (EFE).-eine Kreuzung von Anschuldigungen und Entschuldigungen hat die Debatte im Kongress \u00fcber Gesundheitsreform zu Tipp PSOE Jos\u00e9 Mart\u00ednez Olmos Stellvertreter durch den Vizepr\u00e4sidenten des Kongresses, Celia Villalobos, zu f\u00fchlen, wer die &#8220;\u00fcberm\u00e4\u00dfig sexistischen reden von M\u00e4nnern&#8221; kritisiert hat spritzte.<\/p>\n<p>W\u00e4hrend der Validierung des K\u00f6niglichen Dekrets des Sostenilibidad des Gesundheitssystems, der Minister f\u00fcr Gesundheit, soziale Dienste und Geschlechter, Ana Mato, hat gestanden, Gef\u00fchl ver\u00e4rgert durch den Ton der Intervention Mart\u00ednez Olmos, die seiner &#8220;Inkompetenz&#8221; als Leiter dieser Abteilung denunziert.<\/p>\n<p>Mato hat darauf hingewiesen, dass es &#8220;wesentlich, den politischen Gegner zu respektieren&#8221; und, dass einige bem\u00e4ngelte &#8220;wei\u00df nicht, werden zu diesem Anlass zu steigen&#8221;.<\/p>\n<p>&#8220;Sie sind ein Meister der Rhetorik, aber die schlechteste Sch\u00fcler in was bezieht sich auf die Behandlung von Menschen und zeigt es, wenn Sie in diesem Haus erscheinen&#8221;, beklagt hat, Mato.<\/p>\n<p>Ihrerseits hat die Sozialistenf\u00fchrer gerechtfertigt, den richtigen Ton f\u00fcr ihre Kritik an der Minister, dass die eigenen Villalobos nicht Sie zu jedem Zeitpunkt in Ihrer Rede hingewiesen hatte.<\/p>\n<p>&#8220;Nicht erlauben um zu sagen, dass ich es ohne Respekt; behandelt haben werden&#8221; &#8220;Ich habe eine Kritik an seiner Inkompetenz als Minister f\u00fcr Gesundheit, denn es die Gesundheit des spanischen sch\u00e4digt&#8221;, hat behauptet Martinez Olmos.<\/p>\n<p>Diese Worte hat der Vizepr\u00e4sident des Kongresses, wer die Diskussion nach Anh\u00f6rung Proteste von einigen der Mitglieder des die PP. moderiert reagiert<\/p>\n<p>&#8220;Herr Mart\u00ednez, bin zutiefst Respekt f\u00fcr die Ansichten von jeder in diesem Haus;&#8221; &#8220;Ich habe 25 Jahre, ich mag, wie ich oder nicht scheinen mir \u00fcberm\u00e4\u00dfig macho einige reden, die einige M\u00e4nner in diesem Haus zu tun&#8221;, sagte Villalobos.<\/p>\n<p>Dem Handgemenge wurde erweitert auf den B\u00e4nken beider Gruppen auf die Intervention der Generalsekret\u00e4re der beiden Parteien gef\u00fchrt hat, die Positionen ihrer jeweiligen F\u00fchrer zu verteidigen.<\/p>\n<p>, Villalobos hat n\u00e4herte sich Martinez Olmos bitten um Verzeihung, &#8220;hatte die sexistische beleidigt worden&#8221; und dieser Ausdruck entfernt.<\/p>\n<p>Die Kontroverse \u00fcber soziale Netzwerke, ausgebreitet hat, da es viele Mitglieder von Twitter verbreitet haben.<\/p>\n","protected":false},"excerpt":{"rendered":"<p>Madrid, 17. Mai (EFE).-eine Kreuzung von Anschuldigungen und Entschuldigungen hat die Debatte im Kongress \u00fcber Gesundheitsreform zu Tipp PSOE Jos\u00e9 Mart\u00ednez Olmos Stellvertreter durch den Vizepr\u00e4sidenten des Kongresses, Celia Villalobos, zu f\u00fchlen, wer die &#8220;\u00fcberm\u00e4\u00dfig sexistischen reden von M\u00e4nnern&#8221; kritisiert hat spritzte. W\u00e4hrend der Validierung des K\u00f6niglichen Dekrets des Sostenilibidad des Gesundheitssystems, der Minister f\u00fcr [&hellip;]<\/p>\n","protected":false},"author":1,"featured_media":0,"comment_status":"close","ping_status":"open","sticky":false,"template":"","format":"standard","meta":{"footnotes":""},"categories":[3],"tags":[],"class_list":["post-21706","post","type-post","status-publish","format-standard","hentry","category-allgemeine","et-doesnt-have-format-content","et_post_format-et-post-format-standard"],"_links":{"self":[{"href":"https:\/\/www.best-dentist-dentistry.com\/de\/wp-json\/wp\/v2\/posts\/21706","targetHints":{"allow":["GET"]}}],"collection":[{"href":"https:\/\/www.best-dentist-dentistry.com\/de\/wp-json\/wp\/v2\/posts"}],"about":[{"href":"https:\/\/www.best-dentist-dentistry.com\/de\/wp-json\/wp\/v2\/types\/post"}],"author":[{"embeddable":true,"href":"https:\/\/www.best-dentist-dentistry.com\/de\/wp-json\/wp\/v2\/users\/1"}],"replies":[{"embeddable":true,"href":"https:\/\/www.best-dentist-dentistry.com\/de\/wp-json\/wp\/v2\/comments?post=21706"}],"version-history":[{"count":0,"href":"https:\/\/www.best-dentist-dentistry.com\/de\/wp-json\/wp\/v2\/posts\/21706\/revisions"}],"wp:attachment":[{"href":"https:\/\/www.best-dentist-dentistry.com\/de\/wp-json\/wp\/v2\/media?parent=21706"}],"wp:term":[{"taxonomy":"category","embeddable":true,"href":"https:\/\/www.best-dentist-dentistry.com\/de\/wp-json\/wp\/v2\/categories?post=21706"},{"taxonomy":"post_tag","embeddable":true,"href":"https:\/\/www.best-dentist-dentistry.com\/de\/wp-json\/wp\/v2\/tags?post=21706"}],"curies":[{"name":"wp","href":"https:\/\/api.w.org\/{rel}","templated":true}]}}