{"id":2175,"date":"2014-09-14T11:08:29","date_gmt":"2014-09-14T11:08:29","guid":{"rendered":null},"modified":"2014-09-14T11:08:29","modified_gmt":"2014-09-14T11:08:29","slug":"lara-bonilla-wins-the-second-edition-of-the-mediosysida-award-for-young-journalists","status":"publish","type":"post","link":"https:\/\/www.best-dentist-dentistry.com\/de\/lara-bonilla-wins-the-second-edition-of-the-mediosysida-award-for-young-journalists\/2175","title":{"rendered":"Lara Bonilla gewinnt die zweite Ausgabe des Mediosysida Award f\u00fcr junge Journalisten."},"content":{"rendered":"<p><strong>Lara Bonilla gewinnt die zweite Ausgabe des Mediosysida Award f\u00fcr junge Journalisten. <br \/><\/strong> <br \/><font size=\"2\"> <br \/>-Mediosysida, ein Projekt des Gemeinschaftsnetzes zu HIV\/AIDS in den Staat Spanisch (REDVIH) statt der Verleihung des Award auf einer Pressekonferenz am Col \u00b7 legi de Periodistes de Catalunya letzten Montag 24 Oktober, gefolgt von den Abschluss der zweiten Ausgabe des Workshops mit dem Titel  junge Journalisten und HIV\/AIDS im 21. Jahrhundert &#8221; <\/p>\n<p>-Mediosysida erinnert daran, dass Noch 36 % der auf die Pandemie in den staatlichen Medien publizierten Informationen verwechselt die Begriffe HIV und AIDS <\/p>\n<p> <strong>Mediosysida, Oktober 2011<\/strong> II-Mediosysida-Award f\u00fcr junge Journalisten ging an die Diari Ara, Lara Bonilla, Journalist f\u00fcr sein St\u00fcck  S\u00f3c Seropositiu Per\u00f2 keine t &#8217; ho Puc Dir &#8221; ( ich bin HIV-positiven aber nicht Sie) (Ich kann sagen, dass dies &#8221;). Diese Auszeichnung, Pionier in seiner Art im spanischen Staat, wurde geschaffen, um zu erkennen journalistische bew\u00e4hrte Verfahren, die zur Verbesserung des sozialen Bildes von HIV und AIDS in den Medien zu f\u00f6rdern. Die zweite Ausgabe der Preis-Jury als das preisgekr\u00f6nte St\u00fcck  behandelt ein Thema, das nach wie vor eine der gr\u00f6\u00dften Probleme von HIV und AIDS: Stigmatisierung und Diskriminierung &#8221;. Die Jury betonte auch die Pluralit\u00e4t in den Ansichten der News, sowie die  Nat\u00fcrlichkeit in nicht-diskriminierende Sprache Kombination Spontaneit\u00e4t und Experte Sprache &#8221;. <\/p>\n<p>Auch durch seine Geschichte erhielt eine lobende Erw\u00e4hnung an Journalisten Marc Serena anerkannt wurde  HIV und arbeiten &#8221;, ver\u00f6ffentlicht in der Zeitschrift Lo + Positivo, die  die gro\u00dfe dokumentarische Aufgabe, die dadurch journalistische St\u00fcck eine sehr gr\u00fcndliche Arbeit, die eine Thema hebt auch die nicht immer in den Medien und in der wirtschaftliche Zeiten wir Leben \u00fcbernimmt besondere Relevanz &#8221;. <\/p>\n<p>Mediosysida-Award f\u00fcr junge Journalisten hat die Zusammenarbeit mit den Pharmaunternehmen Gilead und wird bei $ 1000. F\u00fcr seinen Teil hat der zweite Preis-Award in diesem Jahr eine besondere Bedeutung wie es ein Werk der K\u00fcnstlerin N\u00e9stor Werften begleitet wurde, starb an AIDS in 2009, von der Bruder des argentinischen K\u00fcnstlers lebte seine k\u00fcnstlerische Reife unter Barcelona-Menorca abgetreten. Die Preisverleihung wurde von Tom\u00e1s Hern\u00e1ndez, Sekret\u00e4r der nationalen Plan von AIDS, das Ministerium f\u00fcr Gesundheit, und Judith Cobe\u00f1a, HIV-Aktivist und Mitglied des REDVIH durchgef\u00fchrt. Das Gesetz besuchte auch Albert Gim\u00e9nez, Direktor des Programms f\u00fcr Pr\u00e4vention und Unterst\u00fctzung von AIDS (PPAS) der Generalitat de Catalunya, sowie andere Pers\u00f6nlichkeiten im Zusammenhang mit dem Gebiet der HIV. <\/p>\n<p>Da die erste Studie, produziert von Mediosysida im Jahr 2006 \u00fcber die Behandlung von HIV \/ AIDS in den Medien in Spanien dieses Projekt junge Journalisten und zuk\u00fcnftige Fachleute der Kommunikation zusammenarbeiten weiterhin, um das soziale Image von HIV durch Informationen in den Medien zu verbessern. Der Koordinator des Projekts, Maria Urrero, erkl\u00e4rt, dass  ist wichtig, insbesondere die junge Profis der Kommunikation zu setzen, wie wir die M\u00f6glichkeit haben, durch sie, bew\u00e4hrte Praktiken in der Zeitung f\u00f6rdern, damit in gewisser Weise, dies dient das soziale Image von HIV und AIDS zu verbessern &#8221;. <\/p>\n<p><strong>Verringert die diskriminierende Sprache<\/strong> <\/p>\n<p>Mediosysida erinnert sich, weiterhin erf\u00fcllt 30 Jahre der Pandemie, es verwirrend Terminologie von HIV und AIDS in der spanischen Presse. Zus\u00e4tzlich wenn wir \u00fcber AIDS sprechen, f\u00e4hrt fort, Stigmatisierung Menschen und verkn\u00fcpfen sie mit einigen Bev\u00f6lkerungsgruppen. Trotzdem diskriminierende Sprache in den Medien eher verringern und so die neueste Umfrage zeigt  die Behandlung von HIV\/AIDS in den Medien spanischen Schriften (2009-2010) &#8221;, entwickelt vom Institut f\u00fcr die Kommunikation von der Universitat Aut\u00f2noma de Barcelona (InCom-UAB) auf Antrag des Mediosysida. <\/p>\n<p>Es bleibt jedoch erkennen die Synekdoche  AIDS HIV &#8221;, d.h. den Missbrauch des Begriffs AIDS HIV sprechen m\u00f6chten. Obwohl diese unangemessenes Verhalten von 48 % auf 36 % im vorherigen Bericht abgenommen hat, sind einige der wichtigsten spanischen Medien noch dieser Fehler entstehen. Der Bericht als eine m\u00f6gliche Ursache f\u00fcr diese Verwirrung ist die Tatsache, dass  die Begriff AIDS gilt als attraktiver journalistisch und daher eine effizientere, unabh\u00e4ngig davon, ob mit-Eigenschaft verwendet, angesichts der Tatsache, dass AIDS nicht das gleiche wie HIV ist &#8221;. <\/p>\n<p>Die zweite Ausgabe des Mediosysida Award-Jury wurde von den Journalisten f\u00fcr El Pa\u00eds, Emilio Benito gegr\u00fcndet; der Journalist aus dem internationalen Netzwerk von Journalisten mit einer Vision von Geschlecht und stellvertretender Direktor von der Agentur, die unabh\u00e4ngig, Tona Gusi; Professor f\u00fcr der Universitat Aut\u00f2noma de Barcelona und Direktor des Institut f\u00fcr Kommunikation (InCom), Jos\u00e9 Luis Terr\u00f3n, und Aktivist und Mitglied des Gemeinschaftsnetzes auf HIV \/ AIDS in den Staat Spanisch (REDVIH), Judith Cobe\u00f1a. <\/p>\n<p><strong>\u00dcber Mediosysida<\/strong> <\/p>\n<p>Mediosysida.org ist ein Projekt der REDVIH arbeiten, \u00e4ndern das soziale Image von HIV in den spanischen Medien, wird ein Treffpunkt zwischen der HIV\/AIDS-NRO und Fachleute der Informationen, die durch das Ministerium f\u00fcr Gesundheit, Soziales und Gleichstellung, Ajuntament de Barcelona Mediosysida subventioniert wirdMerck und Gilead. <\/p>\n<p><\/font><\/p>\n","protected":false},"excerpt":{"rendered":"<p>Lara Bonilla gewinnt die zweite Ausgabe des Mediosysida Award f\u00fcr junge Journalisten. -Mediosysida, ein Projekt des Gemeinschaftsnetzes zu HIV\/AIDS in den Staat Spanisch (REDVIH) statt der Verleihung des Award auf einer Pressekonferenz am Col \u00b7 legi de Periodistes de Catalunya letzten Montag 24 Oktober, gefolgt von den Abschluss der zweiten Ausgabe des Workshops mit dem [&hellip;]<\/p>\n","protected":false},"author":1,"featured_media":0,"comment_status":"close","ping_status":"open","sticky":false,"template":"","format":"standard","meta":{"footnotes":""},"categories":[3],"tags":[8138,8137],"class_list":["post-2175","post","type-post","status-publish","format-standard","hentry","category-allgemeine","tag-bonilla","tag-lara","et-doesnt-have-format-content","et_post_format-et-post-format-standard"],"_links":{"self":[{"href":"https:\/\/www.best-dentist-dentistry.com\/de\/wp-json\/wp\/v2\/posts\/2175","targetHints":{"allow":["GET"]}}],"collection":[{"href":"https:\/\/www.best-dentist-dentistry.com\/de\/wp-json\/wp\/v2\/posts"}],"about":[{"href":"https:\/\/www.best-dentist-dentistry.com\/de\/wp-json\/wp\/v2\/types\/post"}],"author":[{"embeddable":true,"href":"https:\/\/www.best-dentist-dentistry.com\/de\/wp-json\/wp\/v2\/users\/1"}],"replies":[{"embeddable":true,"href":"https:\/\/www.best-dentist-dentistry.com\/de\/wp-json\/wp\/v2\/comments?post=2175"}],"version-history":[{"count":0,"href":"https:\/\/www.best-dentist-dentistry.com\/de\/wp-json\/wp\/v2\/posts\/2175\/revisions"}],"wp:attachment":[{"href":"https:\/\/www.best-dentist-dentistry.com\/de\/wp-json\/wp\/v2\/media?parent=2175"}],"wp:term":[{"taxonomy":"category","embeddable":true,"href":"https:\/\/www.best-dentist-dentistry.com\/de\/wp-json\/wp\/v2\/categories?post=2175"},{"taxonomy":"post_tag","embeddable":true,"href":"https:\/\/www.best-dentist-dentistry.com\/de\/wp-json\/wp\/v2\/tags?post=2175"}],"curies":[{"name":"wp","href":"https:\/\/api.w.org\/{rel}","templated":true}]}}