{"id":21762,"date":"2012-10-24T03:11:48","date_gmt":"2012-10-24T03:11:48","guid":{"rendered":null},"modified":"-0001-11-30T00:00:00","modified_gmt":"-0001-11-30T00:00:00","slug":"health-will-be-ready-the-first-draft-of-new-medical-specialities-rd-to-end-of-year","status":"publish","type":"post","link":"https:\/\/www.best-dentist-dentistry.com\/de\/health-will-be-ready-the-first-draft-of-new-medical-specialities-rd-to-end-of-year\/21762","title":{"rendered":"health will be ready the first draft of new medical specialities rd to end of year"},"content":{"rendered":"<p class=\"first\"> MADRID, 16 (EUROPA PRESS)<\/p>\n<p>Das Ministerium f\u00fcr Gesundheit, soziale Dienste und Gleichheit wird den ersten Entwurf des k\u00f6niglichen Erlass vom neuen medizinischen Spezialit\u00e4ten am Ende dieses Jahres, darunter das Kind Psychiatrie und Jugendpsychiatrie, Notfall, Notfall, ansteckende Krankheiten und Erbkrankheiten sind haben.<\/p>\n<p>Hat die Abteilung leitet Ana Mato erkannt in einer schriftlichen parlamentarischen Antwort auf die Mitgliedstaaten der Union Progreso y Democracia (UPyD), Rosa D\u00edez, fragte er, als es sein w\u00fcrde, die Spezialit\u00e4t der Kinder-und Jugendpsychiatrie bereit.<\/p>\n<p>Versuchte die Erstellung diese Spezialit\u00e4ten k\u00fcndigte den sozialistischen Gesundheit Exministra, Leire Paj\u00edn, im April 2011, obwohl es nicht bis jetzt wurde als Datum f\u00fcr die Fertigstellung des ersten Entwurfs, wurde, nachdem im Juli 2012, der Fraktion der Union Fortschritt und Demokratie (UPyD) schriftliche Mariano Rajoy Regierung Bericht \u00fcber, ob alle Ma\u00dfnahmen im Hinblick auf die Spezialisierung von Psychiatern und Psychologen in ausgef\u00fchrt dr\u00e4ngen die Betreuung der Jugendlichen Bev\u00f6lkerung.<\/p>\n<p>Anforderung erstellen die Spezialit\u00e4t des Kindes und Jugendlichen Psychiatrie wurde bereits vom Ausschuss f\u00fcr Gesundheit und soziale Dienste des Senats einstimmig zu ber\u00fccksichtigen, dass Spanien ist eines der drei L\u00e4nder der Europ\u00e4ischen Union, die es noch nicht hat.<\/p>\n<p>&#8220;Ist das Gesundheitsministerium einen Entwurf k\u00f6nigliches Dekret die bindet der Kernf\u00e4chern zur Ausbildung in Gesundheitswissenschaften und \u00e4ndert sich die Karte von Spezialit\u00e4ten entwickeln&#8221;. &#8220;Diese Politik soll das medizinische Fachgebiet der Kinder- und Jugendpsychiatrie Psychiatrie, die in den Stamm der psychischen Gesundheit, das bedeutet eine Erh\u00f6hung in der Gesundheitsversorgung der Jugendlichen Bev\u00f6lkerung integriert werden&#8221;, hat die Regierung in ihrer Antwort auf UPyD, nach der Meldung die erwartet, dass der erste Entwurf am Ende des Jahres verf\u00fcgbar ist versichert.<\/p>\n<p>Jedoch in Bezug auf Antrag der Partei unter der F\u00fchrung von Rosa D\u00edez erstellen die Spezialit\u00e4t der Kinder- und Jugendpsychiatrie Psychologie, die Regierung hat diesen Vorschlag zu ber\u00fccksichtigen, dass &#8220;zu diesem Zeitpunkt nicht erforderliche Zustimmung ist&#8221; seit kurzem abgelehnt, klinischer Psychologie, die eine Ausbildung von sechs Monaten im Bereich der Psychologie der Kindheit und Adoleszenz vorsieht entstand im Jahr 1997.<\/p>\n<p>Solch eine Formation, hat die Exekutive weiter, Ziel ist es, die erforderlichen Kompetenzen zu entwerfen, implementieren, evaluieren die Wirksamkeit und die \u00dcberwachung der konkreten Bewertung Programme, Diagnostik, Psychotherapie und psychologische in der Kinder- und Jugendpsychiatrie Bev\u00f6lkerung, Intervention und Behandlung-Verfahren durchgef\u00fchrt.<\/p>\n<p>Dar\u00fcber hinaus richtet einen Zeitraum von vier Monaten in den Bereichen Ausbildung und eine zus\u00e4tzliche Frist von drei Monaten der Dienstleistungsfreiheit, die f\u00fcr die &#8220;Vertiefung der Kompetenzen&#8221; verwendet werden kann, im Bereich der Psychologie dieser Patienten und eine Formation mit einer Gesamtdauer von 13 Monaten auszugehen. &#8220;Daher notwendig, die Annahme dieser besonderen Spezialit\u00e4t zu diesem Zeitpunkt zu f\u00f6rdern scheint nicht&#8221;, hat er sich eingelebt.<\/p>\n","protected":false},"excerpt":{"rendered":"<p>MADRID, 16 (EUROPA PRESS) Das Ministerium f\u00fcr Gesundheit, soziale Dienste und Gleichheit wird den ersten Entwurf des k\u00f6niglichen Erlass vom neuen medizinischen Spezialit\u00e4ten am Ende dieses Jahres, darunter das Kind Psychiatrie und Jugendpsychiatrie, Notfall, Notfall, ansteckende Krankheiten und Erbkrankheiten sind haben. Hat die Abteilung leitet Ana Mato erkannt in einer schriftlichen parlamentarischen Antwort auf die [&hellip;]<\/p>\n","protected":false},"author":1,"featured_media":0,"comment_status":"close","ping_status":"open","sticky":false,"template":"","format":"standard","meta":{"footnotes":""},"categories":[3],"tags":[],"class_list":["post-21762","post","type-post","status-publish","format-standard","hentry","category-allgemeine","et-doesnt-have-format-content","et_post_format-et-post-format-standard"],"_links":{"self":[{"href":"https:\/\/www.best-dentist-dentistry.com\/de\/wp-json\/wp\/v2\/posts\/21762","targetHints":{"allow":["GET"]}}],"collection":[{"href":"https:\/\/www.best-dentist-dentistry.com\/de\/wp-json\/wp\/v2\/posts"}],"about":[{"href":"https:\/\/www.best-dentist-dentistry.com\/de\/wp-json\/wp\/v2\/types\/post"}],"author":[{"embeddable":true,"href":"https:\/\/www.best-dentist-dentistry.com\/de\/wp-json\/wp\/v2\/users\/1"}],"replies":[{"embeddable":true,"href":"https:\/\/www.best-dentist-dentistry.com\/de\/wp-json\/wp\/v2\/comments?post=21762"}],"version-history":[{"count":0,"href":"https:\/\/www.best-dentist-dentistry.com\/de\/wp-json\/wp\/v2\/posts\/21762\/revisions"}],"wp:attachment":[{"href":"https:\/\/www.best-dentist-dentistry.com\/de\/wp-json\/wp\/v2\/media?parent=21762"}],"wp:term":[{"taxonomy":"category","embeddable":true,"href":"https:\/\/www.best-dentist-dentistry.com\/de\/wp-json\/wp\/v2\/categories?post=21762"},{"taxonomy":"post_tag","embeddable":true,"href":"https:\/\/www.best-dentist-dentistry.com\/de\/wp-json\/wp\/v2\/tags?post=21762"}],"curies":[{"name":"wp","href":"https:\/\/api.w.org\/{rel}","templated":true}]}}