{"id":21763,"date":"2012-10-24T03:11:53","date_gmt":"2012-10-24T03:11:53","guid":{"rendered":null},"modified":"-0001-11-30T00:00:00","modified_gmt":"-0001-11-30T00:00:00","slug":"erdf-mato-requests-exemption-from-co-payment-for-diseases-seriously-affected-by-royal-decree-162012","status":"publish","type":"post","link":"https:\/\/www.best-dentist-dentistry.com\/de\/erdf-mato-requests-exemption-from-co-payment-for-diseases-seriously-affected-by-royal-decree-162012\/21763","title":{"rendered":"EFRE Mato fordert Befreiung von der Selbstbeteiligung f\u00fcr Krankheiten stark beeintr\u00e4chtigt durch k\u00f6niglichen Erlass 16\/2012"},"content":{"rendered":"<p class=\"first\"> MADRID, 16 (EUROPA PRESS)<\/p>\n<p>Der spanischen F\u00f6deration f\u00fcr seltene Krankheiten (FEDER) hat am Dienstag, dem Minister f\u00fcr Gesundheit, zog Ana Mato, und der Staatssekret\u00e4r f\u00fcr soziale Dienste und Gleichheit, Juan Manuel Moreno Bonilla, unter anderem die vorgeschlagenen Befreiung von der Selbstbeteiligung f\u00fcr jene Krankheiten, die ernsthaft von den Folgen der k\u00f6niglichen Erlass vom betroffen sind, Gesetz 16\/2012<\/p>\n<p>W\u00e4hrend des Treffens wurden Themen wie die Benennung der Zentren und Service-Einheiten f\u00fcr seltene Krankheiten und die Zukunft der nationalen Strategie der seltenen Krankheiten, die derzeit im Gange. Au\u00dferdem Zugriff auf die Behandlungen und Therapien sowie die Verbesserung der Zugang zu Arzneimitteln Waisen in das nationale System der Gesundheit (SNS). <\/p>\n<p>&#8220;Das Treffen war sehr positiv und \u00f6ffnet der Weg zur Arbeit sehr konkrete Ma\u00dfnahmen werden eingef\u00fchrt durch das Ministerium f\u00fcr Gesundheit zugunsten der Verbesserung der Lebensqualit\u00e4t f\u00fcr Familien.&#8221; &#8220;Der Minister hat Interesse f\u00fcr sofortige Entwicklung der wichtigsten Vorschl\u00e4ge beginnen gezeigt&#8221;, hat der Pr\u00e4sident des EFRE, Juan Carri\u00f3n versichert. <\/p>\n<p>Said, gesagt, dass die F\u00f6deration technische und detaillierte Berichte senden wird, identifiziert die Priorit\u00e4ten von der assoziativen Bewegung, &#8220;im Einklang mit der w\u00e4hrend der Sitzung heute angesprochenen Themen&#8221;.<\/p>\n<p>So bewerten die F\u00f6deration <\/p>\n<p>dieses Treffen als Start- und Dialog Standort geeignet f\u00fcr die notwendigen Arbeiten mit Menschen mit Krankheiten wenig h\u00e4ufigen. &#8220;Aufmerksam verfolgen alle Verpflichtungen und Initiativen des Ministeriums f\u00fcr Gesundheit&#8221;, es wurde Apostille. <\/p>\n<p>Auf der anderen Seite Mato er\u00f6ffnet am 26. Oktober der V-Nationalkongress der seltenen Krankheiten in Totana (Murcia), stattfinden, die darauf abzielt, normalisieren und das Bewusstsein f\u00fcr die Situation von Menschen mit seltenen Krankheiten.  <\/p>\n","protected":false},"excerpt":{"rendered":"<p>MADRID, 16 (EUROPA PRESS) Der spanischen F\u00f6deration f\u00fcr seltene Krankheiten (FEDER) hat am Dienstag, dem Minister f\u00fcr Gesundheit, zog Ana Mato, und der Staatssekret\u00e4r f\u00fcr soziale Dienste und Gleichheit, Juan Manuel Moreno Bonilla, unter anderem die vorgeschlagenen Befreiung von der Selbstbeteiligung f\u00fcr jene Krankheiten, die ernsthaft von den Folgen der k\u00f6niglichen Erlass vom betroffen sind, [&hellip;]<\/p>\n","protected":false},"author":1,"featured_media":0,"comment_status":"close","ping_status":"open","sticky":false,"template":"","format":"standard","meta":{"footnotes":""},"categories":[3],"tags":[32845],"class_list":["post-21763","post","type-post","status-publish","format-standard","hentry","category-allgemeine","tag-efre-mato","et-doesnt-have-format-content","et_post_format-et-post-format-standard"],"_links":{"self":[{"href":"https:\/\/www.best-dentist-dentistry.com\/de\/wp-json\/wp\/v2\/posts\/21763","targetHints":{"allow":["GET"]}}],"collection":[{"href":"https:\/\/www.best-dentist-dentistry.com\/de\/wp-json\/wp\/v2\/posts"}],"about":[{"href":"https:\/\/www.best-dentist-dentistry.com\/de\/wp-json\/wp\/v2\/types\/post"}],"author":[{"embeddable":true,"href":"https:\/\/www.best-dentist-dentistry.com\/de\/wp-json\/wp\/v2\/users\/1"}],"replies":[{"embeddable":true,"href":"https:\/\/www.best-dentist-dentistry.com\/de\/wp-json\/wp\/v2\/comments?post=21763"}],"version-history":[{"count":0,"href":"https:\/\/www.best-dentist-dentistry.com\/de\/wp-json\/wp\/v2\/posts\/21763\/revisions"}],"wp:attachment":[{"href":"https:\/\/www.best-dentist-dentistry.com\/de\/wp-json\/wp\/v2\/media?parent=21763"}],"wp:term":[{"taxonomy":"category","embeddable":true,"href":"https:\/\/www.best-dentist-dentistry.com\/de\/wp-json\/wp\/v2\/categories?post=21763"},{"taxonomy":"post_tag","embeddable":true,"href":"https:\/\/www.best-dentist-dentistry.com\/de\/wp-json\/wp\/v2\/tags?post=21763"}],"curies":[{"name":"wp","href":"https:\/\/api.w.org\/{rel}","templated":true}]}}