{"id":22006,"date":"2012-10-26T02:37:43","date_gmt":"2012-10-26T02:37:43","guid":{"rendered":null},"modified":"-0001-11-30T00:00:00","modified_gmt":"-0001-11-30T00:00:00","slug":"morales-solves-the-conflict-of-doctors-after-53-days-of-strike","status":"publish","type":"post","link":"https:\/\/www.best-dentist-dentistry.com\/de\/morales-solves-the-conflict-of-doctors-after-53-days-of-strike\/22006","title":{"rendered":"morales solves the conflict of doctors after 53 days of strike"},"content":{"rendered":"<p class=\"first\"> <span class=\"yshortcuts\" id=\"lw_1337460135_7\"> La Paz<\/span>, 19. Mai (EFE).-<span class=\"yshortcuts\" id=\"lw_1337460135_0\"> Die Regierung<\/span> des bolivianischen Pr\u00e4sidenten <span class=\"yshortcuts\" id=\"lw_1337460135_5\"> Evo Morales<\/span>, den Streik der Krankenh\u00e4user in der Zustand, der 53 Tage dauerte heute behoben, ratifizieren wird angehalten, ein Dekret, das steigt der Arbeitstag im Bereich von sechs bis acht Stunden und deren Aufhebung von \u00c4rzten nicht erreicht wurde, als versuchten sie <span class=\"yshortcuts\" id=\"lw_1337460135_6\"> medizinische<\/span>.<\/p>\n<p>The Minister, Carlos Romero und der Pr\u00e4sident der medizinischen Hochschule Bolivien, Alfonso Barrios, eine Vereinbarung, die der Sektor beh\u00e4lt seine Ablehnung des Erlasses herstellt, die Federung war nicht ausreichend und verk\u00fcndet, dass es gegen die gleichen Forderungen in nationalen und internationalen Gerichten wird.<\/p>\n<p>Gem\u00e4\u00df der Vereinbarung Anspr\u00fcche erhoben werden k\u00f6nnen, im Hof oder in der Interamerikanischen Kommission f\u00fcr Menschenrechte der Organisation amerikanischer Staaten (OAS) wissen, ob das Dekret mit internationalen Standards kompatibel ist.<\/p>\n<p>Barrios sagte, dass mit der Unterst\u00fctzung der Regierung sie Konsultationen schl\u00fcrfen Dekrets in internationalen Gremien,, die der Minister erkl\u00e4rte tun wird, dass die Exekutive begrentzt, die F\u00fchrer der was das Verfahren ist in solchen F\u00e4llen einzuhaltende.<\/p>\n<p>&#8220;Wenn sie noch die Norm in Frage stellen, k\u00f6nnen herausfordern, sie k\u00f6nnen Stellungnahmen auf dem gleichen verlangen, aber das ist f\u00fcr uns eine Debatte, die auf den Gipfel der Gesundheit geht&#8221;, Romero, unter Bezugnahme auf ein Treffen im Juli stattfinden, mit dem Ziel der Reformen f\u00fcr das Gesundheitswesen in Bolivien definieren hinzugef\u00fcgt.<\/p>\n<p>Morales verf\u00fcgte Ende Januar die Erh\u00f6hung der Arbeitszeit der \u00c4rzte mit dem Argument, dass es Pflege in Krankenh\u00e4usern verbessern w\u00fcrde, aber der Branche argumentiert, dass zwei weitere Stunden Arbeit gesundheitliche Probleme nicht ver\u00e4ndern, da die Krankenh\u00e4user und ihre Ausr\u00fcstung alt und arbeiten mit niedrigen Budgets sind.<\/p>\n<p>\u00c4rzte auch argumentieren, dass sechs Stunden Arbeit eine Eroberung soziale 1970er nicht entgehen lassen und mit ihren Protesten, unterst\u00fctzt von den Gewerkschaften der Arbeiter in den Krankenh\u00e4usern und Medizinstudenten, gezwungen Morales, es ruht, zu verlassen, obwohl sie nicht zur Aufhebung der it.<\/p>\n<p>Konflikt und den Streik, die Ende M\u00e4rz begann, provozierte Aufst\u00e4nde, f\u00fchrte zu mehreren Verletzungen und Verhaftungen, die Proteste in mehreren St\u00e4dten mit Demonstrationen und Stra\u00dfensperren, die kam sogar zu internationale Autobahnen schneiden enthalten.<\/p>\n<p>Die j\u00fcngsten gewaltt\u00e4tigen Demonstrationen fand statt am Donnerstag, wenn Sch\u00fcler versucht, einem Dorf am Stadtrand von der zentralen Stadt Cochabamba, erreichen, ein internationales Treffen von Studenten organisiert von der Organisation amerikanischer Staaten (OAS), aus Protest gegen Vorspiel bei der offiziellen Versammlung, die es von 3 bis 5 Juni stattfinden wird.<\/p>\n<p>Barrios sagte, dass 90 Prozent der \u00c4rzte-Verb\u00e4nde das \u00dcbereinkommen akzeptiert und als der Rest, einschlie\u00dflich der von La Paz, einer der gr\u00f6\u00dften ist in Bolivien, respektiert die Mehrheit.<\/p>\n<p>Auch das Abkommen sieht vor, dass die Regierung f\u00fcr ung\u00fcltig das Gericht Anspr\u00fcche gegen \u00c4rzte erkl\u00e4rt und Akademiker, die sie der Vergangenheit randalierten Wochen und Verg\u00fctungen nicht sind L\u00f6hne abgezogen f\u00fcr die Tage nicht gearbeitet, um das \u00c4ndern sie w\u00e4hrend ihres Urlaubs ersetzt.<\/p>\n<p>Der Pr\u00e4sident der \u00c4rzte hinzugef\u00fcgt, dass seit Montag dem Sektor Pflege in staatlichen Krankenh\u00e4usern zu normalisieren und best\u00e4tigt, dass sie an dem Treffen teilnehmen werden &#8220;Summit&#8221; die im Juli stattfinden werden.<\/p>\n<p>Romero hinzugef\u00fcgt, da\u00df die Regierung davon \u00fcberzeugt ist, weil es den Konflikt beenden, die seiner Ansicht nach Desentra\u00f1ado die Notwendigkeit f\u00fcr eine tiefer gehende Diskussion \u00fcber die Wirklichkeit der Gesundheit des Landes.<\/p>\n<p>Romero \u00c4rzte sagte &#8220;Ich will schon nicht zur\u00fcckblicken (auf), was war, was die Mobilisierungen und diese Merkmale erworben, motiviert ich lieber freuen und Arbeit zusammen,&#8221;.<\/p>\n","protected":false},"excerpt":{"rendered":"<p>La Paz, 19. Mai (EFE).- Die Regierung des bolivianischen Pr\u00e4sidenten Evo Morales, den Streik der Krankenh\u00e4user in der Zustand, der 53 Tage dauerte heute behoben, ratifizieren wird angehalten, ein Dekret, das steigt der Arbeitstag im Bereich von sechs bis acht Stunden und deren Aufhebung von \u00c4rzten nicht erreicht wurde, als versuchten sie medizinische. The Minister, [&hellip;]<\/p>\n","protected":false},"author":1,"featured_media":0,"comment_status":"close","ping_status":"open","sticky":false,"template":"","format":"standard","meta":{"footnotes":""},"categories":[3],"tags":[],"class_list":["post-22006","post","type-post","status-publish","format-standard","hentry","category-allgemeine","et-doesnt-have-format-content","et_post_format-et-post-format-standard"],"_links":{"self":[{"href":"https:\/\/www.best-dentist-dentistry.com\/de\/wp-json\/wp\/v2\/posts\/22006","targetHints":{"allow":["GET"]}}],"collection":[{"href":"https:\/\/www.best-dentist-dentistry.com\/de\/wp-json\/wp\/v2\/posts"}],"about":[{"href":"https:\/\/www.best-dentist-dentistry.com\/de\/wp-json\/wp\/v2\/types\/post"}],"author":[{"embeddable":true,"href":"https:\/\/www.best-dentist-dentistry.com\/de\/wp-json\/wp\/v2\/users\/1"}],"replies":[{"embeddable":true,"href":"https:\/\/www.best-dentist-dentistry.com\/de\/wp-json\/wp\/v2\/comments?post=22006"}],"version-history":[{"count":0,"href":"https:\/\/www.best-dentist-dentistry.com\/de\/wp-json\/wp\/v2\/posts\/22006\/revisions"}],"wp:attachment":[{"href":"https:\/\/www.best-dentist-dentistry.com\/de\/wp-json\/wp\/v2\/media?parent=22006"}],"wp:term":[{"taxonomy":"category","embeddable":true,"href":"https:\/\/www.best-dentist-dentistry.com\/de\/wp-json\/wp\/v2\/categories?post=22006"},{"taxonomy":"post_tag","embeddable":true,"href":"https:\/\/www.best-dentist-dentistry.com\/de\/wp-json\/wp\/v2\/tags?post=22006"}],"curies":[{"name":"wp","href":"https:\/\/api.w.org\/{rel}","templated":true}]}}