{"id":22048,"date":"2012-10-26T02:47:41","date_gmt":"2012-10-26T02:47:41","guid":{"rendered":null},"modified":"-0001-11-30T00:00:00","modified_gmt":"-0001-11-30T00:00:00","slug":"lasquetty-said-that-in-the-1990s-he-already-left-finance-drugs-for-minor-symptoms-and-there-was-no-health-problems","status":"publish","type":"post","link":"https:\/\/www.best-dentist-dentistry.com\/de\/lasquetty-said-that-in-the-1990s-he-already-left-finance-drugs-for-minor-symptoms-and-there-was-no-health-problems\/22048","title":{"rendered":"Lasquetty sagte, dass in den 1990er Jahren er bereits Finanzen Drogen f\u00fcr geringf\u00fcgige Symptome verlie\u00df, und es keine Gesundheitsprobleme gab"},"content":{"rendered":"<p class=\"first\"> MADRID, 27 (EUROPA PRESS)<\/p>\n<p>, Dass in den 1990er Jahren nicht mehr zweimal Hunderte von Arzneimitteln bestimmt sind, f\u00fcr kleinere Symptome und gab es keine &#8220;schwere gesundheitliche Probleme&#8221;, wie sie Kritik, sagte der Minister der Gesundheit der Gemeinschaft von Madrid, Javier Fern\u00e1ndez-Lasquetty, Mittwoch.<\/p>\n<p>So sprach der Madrile\u00f1o Berater einmal den Minister f\u00fcr Gesundheit, soziale Dienste und Geschlechter, Ana Mato, und Gemeinschaften \u00fcbereingekommen zu stoppen, Finanzierung insgesamt 425 Drogen f\u00fcr Minderj\u00e4hrige ab dem Monat August Symptome, so dass ab dann die B\u00fcrger in vollem Umfang der diese bezahlt werden.<\/p>\n<p>, Lasquetty, das Gesundheitsministerium nimmt &#8220;Schritte in die richtige Richtung Ber\u00fccksichtigung, die Spanien in der schlimmsten Wirtschaftskrise seit 70 Jahren ist&#8221;, und nach Teilnahme an der Interterritorial-Rat des nationalen Gesundheitssystems, stellte fest, dass die \u00dcberpr\u00fcfung der Drogen &#8220;sich nichts neues&#8221;.<\/p>\n<p>The Chief Executive hat angedeutet, dass diese Aktion bereits in den 1990er Jahren ein 93 zum Zeitpunkt der Felipe Gonz\u00e1lez, getan wurde, wenn zur\u00fcckzog, \u00f6ffentliche Mittel, um 800 Arzneimittel, und 1998 mit dem R\u00fcckzug der anderen 750. Bei diesen Gelegenheiten war, als zog Finanzierung Drogen so popul\u00e4r wie Aspirin oder die Frenadol.<\/p>\n<p>&#8220;Damals gab es Leute, die sagte, ich w\u00fcrde zu schweren gesundheitlichen Problemen f\u00fchren und daraus resultiert, dass 20 Jahre sp\u00e4ter diese Medikamente f\u00fcr geringf\u00fcgige Symptome noch auf dem Markt sind nicht im Preis und noch verwendet wird, von den B\u00fcrgern gestiegen&#8221; angegeben.<\/p>\n<p>Vor diesem, entsprechend der Madrid-Berater, &#8220;\u00fcberraschend ist, dass vor 14 Jahren&#8221;, wurde nicht dieser Finanzierung von Medikamenten, \u00fcberpr\u00fcft, wenn es etwas ist, das in allen L\u00e4ndern der Europ\u00e4ischen Union regelm\u00e4\u00dfig geschieht.<\/p>\n<p>Gew\u00e4hrung der k\u00fcnstliche Tr\u00e4nen<\/p>\n<p>Lasquetty hat gesagt, die vereinbarten Mittwoch bedeutet, dass die insgesamt 15.000 Drogen aus \u00f6ffentlichen Mitteln subventioniert, 425 nicht mehr erhalten diese F\u00f6rdergelder wird Droge &#8220;f\u00fcr geringf\u00fcgige oder milde Symptome oder jemand sonst \u00e4hnlich, das bereits unter derartigen Regelung keine \u00f6ffentliche Finanzierung ist&#8221;.<\/p>\n<p>Ansicht des Lasquetty, es ist ein &#8220;richtigen Schritt, der getan werden muss&#8221; und z. B. er fragte sich &#8220;Warum letztes Jahr in Madrid Steuerzahler k\u00fcnstliche Tr\u00e4nen im Wert von 7,2 Millionen Euro subventionieren musste&#8221;.<\/p>\n<p>&#8220;Was wichtig ist, dass wir konzentrieren uns auf die Nachhaltigkeit des Gesundheitssystems sicherzustellen, dass die Medikamente f\u00fcr Krankheiten, die Hilfe anderer, die Drogen, die nie fehlende subventionieren erfordern und f\u00fcr die die geringf\u00fcgige Symptome stop finanziert werden&#8221;, schloss er.<\/p>\n","protected":false},"excerpt":{"rendered":"<p>MADRID, 27 (EUROPA PRESS) , Dass in den 1990er Jahren nicht mehr zweimal Hunderte von Arzneimitteln bestimmt sind, f\u00fcr kleinere Symptome und gab es keine &#8220;schwere gesundheitliche Probleme&#8221;, wie sie Kritik, sagte der Minister der Gesundheit der Gemeinschaft von Madrid, Javier Fern\u00e1ndez-Lasquetty, Mittwoch. So sprach der Madrile\u00f1o Berater einmal den Minister f\u00fcr Gesundheit, soziale Dienste [&hellip;]<\/p>\n","protected":false},"author":1,"featured_media":0,"comment_status":"close","ping_status":"open","sticky":false,"template":"","format":"standard","meta":{"footnotes":""},"categories":[3],"tags":[],"class_list":["post-22048","post","type-post","status-publish","format-standard","hentry","category-allgemeine","et-doesnt-have-format-content","et_post_format-et-post-format-standard"],"_links":{"self":[{"href":"https:\/\/www.best-dentist-dentistry.com\/de\/wp-json\/wp\/v2\/posts\/22048","targetHints":{"allow":["GET"]}}],"collection":[{"href":"https:\/\/www.best-dentist-dentistry.com\/de\/wp-json\/wp\/v2\/posts"}],"about":[{"href":"https:\/\/www.best-dentist-dentistry.com\/de\/wp-json\/wp\/v2\/types\/post"}],"author":[{"embeddable":true,"href":"https:\/\/www.best-dentist-dentistry.com\/de\/wp-json\/wp\/v2\/users\/1"}],"replies":[{"embeddable":true,"href":"https:\/\/www.best-dentist-dentistry.com\/de\/wp-json\/wp\/v2\/comments?post=22048"}],"version-history":[{"count":0,"href":"https:\/\/www.best-dentist-dentistry.com\/de\/wp-json\/wp\/v2\/posts\/22048\/revisions"}],"wp:attachment":[{"href":"https:\/\/www.best-dentist-dentistry.com\/de\/wp-json\/wp\/v2\/media?parent=22048"}],"wp:term":[{"taxonomy":"category","embeddable":true,"href":"https:\/\/www.best-dentist-dentistry.com\/de\/wp-json\/wp\/v2\/categories?post=22048"},{"taxonomy":"post_tag","embeddable":true,"href":"https:\/\/www.best-dentist-dentistry.com\/de\/wp-json\/wp\/v2\/tags?post=22048"}],"curies":[{"name":"wp","href":"https:\/\/api.w.org\/{rel}","templated":true}]}}