{"id":22112,"date":"2012-10-27T02:23:52","date_gmt":"2012-10-27T02:23:52","guid":{"rendered":null},"modified":"-0001-11-30T00:00:00","modified_gmt":"-0001-11-30T00:00:00","slug":"the-pope-calls-for-a-cuba-of-all-and-for-all","status":"publish","type":"post","link":"https:\/\/www.best-dentist-dentistry.com\/de\/the-pope-calls-for-a-cuba-of-all-and-for-all\/22112","title":{"rendered":"the pope calls for a cuba of all and for all"},"content":{"rendered":"<p class=\"first\"> <span class=\"yshortcuts\" id=\"lw_1332999309_0\"> Havanna<\/span> (Reuters) &#8211; Papst <span class=\"yshortcuts\" id=\"lw_1332999309_1\"> Benedikt XVI<\/span> aufgerufen am Mittwoch in seinen Abschied aus <span class=\"yshortcuts\" id=\"lw_1332999309_2\"> Kuba<\/span>, dass die Einschr\u00e4nkung der <span class=\"yshortcuts\" id=\"lw_1332999309_3\"> Freiheiten<\/span> in der <span class=\"yshortcuts\" id=\"lw_1332999309_4\"> Insel<\/span> kein Hindernis f\u00fcr eine Ver\u00e4nderung der Insel zu erreichen ist, und zur\u00fcckgegeben, gepflegt und kritisieren das <span class=\"yshortcuts\" id=\"lw_1332999309_5\"> Embargo<\/span> der <span class=\"yshortcuts\" id=\"lw_1332999309_6\"> USA<\/span> gegen die sozialistische <span class=\"yshortcuts\" id=\"lw_1332999309_7\"> Regierung<\/span> aus f\u00fcnf Jahrzehnten.<\/p>\n<p>Nach einem Besuch von drei Tagen karibischen Land, <span class=\"yshortcuts\" id=\"lw_1332999309_8\"> Sumo<\/span>-Hohepriester angefordert &#8220;ein Kuba von allen und f\u00fcr alle&#8221;, verbannt die Positionen zur Grand National \u00dcberleitung zu einer Zeit, in der die Nation seinen gr\u00f6\u00dften Moment der Transformation seit dem Triumph der Revolution 1959 lebt, behoben.<\/p>\n<p>&#8220;Es ist m\u00f6glich, eine Gesellschaft der Weite Horizonte, erneuert und vers\u00f6hnt zu bauen.&#8221; &#8220;Dass niemand gehindert wird, verbinden diese spannende Aufgabe f\u00fcr die Beschr\u00e4nkung ihrer Grundrechte oder freigestellten Freiheiten es durch Faulheit oder mangelnde materielle Ressourcen&#8221;, sagte der Bischof von Rom am Flughafen.<\/p>\n<p>Dar\u00fcber hinaus dem Heiligen Vater genannt, f\u00fcr ein Ende des Embargos Washington auf dem Land vor 50 Jahren, auferlegt um seine ideologischen Feind zu st\u00fcrzen, erschweren die schwierige wirtschaftliche Lage und &#8220;wiegen negativ auf die Bev\u00f6lkerung&#8221;.<\/p>\n<p>Seit seiner Ankunft in Santiago De Cuba am Montag hat der Papst darauf bestanden, dass Raul Castro-Regierung die Hilfe der Kirche auf der Suche nach neue Wege und Modelle zur Bew\u00e4ltigung der Transformationen zu kommen &#8220;ohne Traumata&#8221; ben\u00f6tigen.<\/p>\n<p>Der kubanische Vertreter dankte Benedicto XVI, f\u00fcr ein Besuch, die \u00fcbergeben hat, eine Atmosph\u00e4re von &#8220;gegenseitigen Verst\u00e4ndnis&#8221; in dem Treffer &#8220;viele und Tiefe&#8221; trotz, nicht Einigung \u00fcber alle Fragen sein.<\/p>\n<p>&#8220;seine Begegnung mit dem kubanischen Volk hat ihm die Gelegenheit gegeben, besser zu verstehen und die Richtigkeit unserer Ziele zu identifizieren&#8221;, sagte er, vor dem H\u00e4ndesch\u00fctteln des Papstes, als er das Flugzeug, das Land zu verlassen, unter einem anhaltenden Regen kletterten.<\/p>\n<p>Die Reise der katholischen Hierarch gekr\u00f6nt einen langen Weg in die Verbesserung der Beziehungen der Regierung mit der Kirche, die der Hauptpartner der Beh\u00f6rden zur sensiblen Menschenrechte und politischen Freiheiten Probleme geworden.<\/p>\n<p>Jedoch trotz der Verweise mehr oder weniger verschleierten politischen Gefangenen, Exilanten und der Dringlichkeit der \u00c4nderungen in gr\u00f6\u00dferer Tiefe in der Karibik Nation der katholische F\u00fchrer erhielten nicht die Dissidenten auf der Insel, von der Regierung als S\u00f6ldner im Sold der USA beschuldigt.<\/p>\n<p>Authentische Freiheit<\/p>\n<p>Am Morgen, schrieb der Heilige Vater eine massive Masse in den mythischen Platz der Revolution, in denen es fordert die &#8220;wahre Freiheit&#8221; zur Schaffung einer offeneren Gesellschaft.<\/p>\n<p>&#8220;Es gibt andere, die falsch diese Suche nach der Wahrheit interpretiert, der sie nach der Irrationalit\u00e4t und Fanatismus, sperren sich in &#39; seine wirklich &#39; und Versuch, es auf andere zu \u00fcbertragen&#8221;, sagte von der gleichen Kanzel, wo Fidel, gekleidet in Olivgr\u00fcn, Araba seine Landsleute mit beleuchteten revolution\u00e4re reden.<\/p>\n<p>In einem lila Toga gekleidet, der deutsche Papst tourte die Hauptverkehrsadern des Kapitals an Bord das Papamobil, bejubelt von einigen 300.000 Kubaner waren gesch\u00fctzt schlechtem Karibik mit Kappen, Visiere von Karton und Sonnenschirme Sun bestrebt, den Segen des Bischofs von Rom erhalten.<\/p>\n<p>&#8220;Der Papst den Glauben an viele zur\u00fcckgegeben.&#8221; &#8220;Hier in Kuba wirtschaftliche Schwierigkeiten wir \u00fcberw\u00e4ltigen beide Tr\u00e4ume sind etwas betroffen&#8221;, sagte Jos\u00e9 Correa, zeigt stolz drei Kruzifixe in seiner Brust in einem Land, das offiziell atheistisch und antiklerikalen bis 1992 war.<\/p>\n<p>Flanked von hoch aufragenden Bildnisse der argentinischen Guerilla Ernesto &#8220;Che&#8221; Guevara und Camilo Cienfuegos Rebel, Papst Benedicto XVI bekr\u00e4ftigte die Notwendigkeit, dass die Regierung mehr \u00f6ffentlichen Freifl\u00e4chen, Kirche, darunter die M\u00f6glichkeit, &#8220;bald&#8221; seine Lehre an Schulen und Universit\u00e4ten nehmen.<\/p>\n<p>&#8220;Es ist notwendig, vorw\u00e4rts (und) zu st\u00e4rken, was wir bereits erreicht haben und diesen Weg der echten Dienst f\u00fcr das Gemeinwohl der ganzen kubanische Gesellschaft vorw\u00e4rts,&#8221; sagte die weitere Festigung der Allianz von Kirche und Staat-highlights mit &rsquo;Gl\u00fcck&rsquo;.<\/p>\n<p>Am Dienstag, hatte der Papst eine &#8220;herzliche&#8221; Treffen mit Ra\u00fal Castro, die Macht nach dem R\u00fccktritt seines \u00e4lteren Bruders in 2008 aus gesundheitlichen Gr\u00fcnden \u00fcbernommen.<\/p>\n<p>Seiner Heiligkeit gemacht h\u00e4tte ein &#8220;humanit\u00e4rer Request&#8221; Castro, laut der Vatikan, berichtet, dass viele als Anforderung interpretiert, politische Gefangene freizulassen oder in die USA Auftragnehmer Alan Gross, verurteilt zu 15 Jahren Verbindungen zum Internet installieren auf der Insel illegal als.<\/p>\n<p>Auch gebeten, das Urlaub-gute Freitag wiederherstellen, in einer Geste, \u00e4hnlich wie die Fidel mit dem sp\u00e4ten Juan Pablo II Weihnachten vor seinem historischen Wiederherstellung hatte 1998 besuchen.<\/p>\n<p>MARXISTEN und Christen<\/p>\n<p>Einer der am meisten erwarteten Momente der Reise war die Begegnung zwischen Papst Benedicto XVI und Fidel Castro, der f\u00fcr eine halbe Stunde in der Apostolischen Nuntiatur von Havanna trafen.<\/p>\n<p>. Der Sprecher des Vatikans, Federico Lombardi, sagte, dass es eine ruhige und herzliche Begegnung war, Sprachen sie \u00fcber die Liturgie der Kirche und die Probleme der Menschheit. Sie scherzte sogar \u00fcber sein Alter und der charismatischen Rebell fragte ihn, was die Arbeit des Papstes ist.<\/p>\n<p>Rezeption war ein Impuls zur Konsolidierung der wichtigsten Allianz zwischen der katholischen Kirche und der Regierung, die eine Reihe von Reformen, die Wirtschaft zu modernisieren, ohne Verzicht auf die sozialistische Ideologie f\u00f6rdert, Ausbau von Unternehmertum in Bereichen, die zuvor an den Staat, wie der Tourismus und Gastronomie vorbehalten.<\/p>\n<p>Der Besuch generiert unterschiedliche Reaktionen in der Bev\u00f6lkerung. Einige glauben, dass der Papst dazu beitragen wird, die Wirtschaftsblockade gegen Washington, andere ein Ende gesetzt, die Erh\u00f6hung wird die politischen Ver\u00e4nderungen und die Mehrheit, die den Glauben nach Jahrzehnten des Antiklerikalismus und Vermehrung von der Afro-kubanischen Santeria wieder aufleben.<\/p>\n<p>&#8220;Wir wissen, dass Kuba \u00e4ndern muss und was wir tun. aber wenn USA, mit seiner Blockade, die uns ertrinkt \u00e4ndern wird?&#8221; &#8220;Ich hoffe, Benedict haben etwas zu sagen auch&#8221;, sagte Maritza \u00c1lvarez, einen gebrauchten Zustand 40 Jahre, die von fr\u00fch einen Platz in den ersten Reihen gewartet.<\/p>\n<p>Erwartungen, dass die Pr\u00e4senz der katholischen Hierarch Schritt zur Er\u00f6ffnung in sensiblen Themen wie Menschenrechte gab und Grundfreiheiten wurde herausgeschnitten, voll von der Exekutive, die wieder einmal klar, dass die \u00c4nderungen vorgenommen werden und nicht auf politische Einparteiensystem.<\/p>\n<p>&#8220;In Kuba nicht politische Reformen sein&#8221;, sagte Stumpf Dienstag Marino Murillo, einer der kubanischen Vizepr\u00e4sidenten und Aufseher \u00fcber die wirtschaftlichen Transformationen.<\/p>\n<p>Reaktion, der Sprecher f\u00fcr seine Heiligkeit sagte: &#8220;Die Kirche versucht nicht, L\u00f6sungen durchzusetzen.&#8221; &#8220;Wir wissen, dass es ein langer Weg und, dass die Geschichte Kubas Komplex&#8221;.<\/p>\n<p>\/ Pro Enrique Andres Pretel und Nelson Acosta \/<\/p>\n","protected":false},"excerpt":{"rendered":"<p>Havanna (Reuters) &#8211; Papst Benedikt XVI aufgerufen am Mittwoch in seinen Abschied aus Kuba, dass die Einschr\u00e4nkung der Freiheiten in der Insel kein Hindernis f\u00fcr eine Ver\u00e4nderung der Insel zu erreichen ist, und zur\u00fcckgegeben, gepflegt und kritisieren das Embargo der USA gegen die sozialistische Regierung aus f\u00fcnf Jahrzehnten. Nach einem Besuch von drei Tagen karibischen [&hellip;]<\/p>\n","protected":false},"author":1,"featured_media":0,"comment_status":"close","ping_status":"open","sticky":false,"template":"","format":"standard","meta":{"footnotes":""},"categories":[3],"tags":[],"class_list":["post-22112","post","type-post","status-publish","format-standard","hentry","category-allgemeine","et-doesnt-have-format-content","et_post_format-et-post-format-standard"],"_links":{"self":[{"href":"https:\/\/www.best-dentist-dentistry.com\/de\/wp-json\/wp\/v2\/posts\/22112","targetHints":{"allow":["GET"]}}],"collection":[{"href":"https:\/\/www.best-dentist-dentistry.com\/de\/wp-json\/wp\/v2\/posts"}],"about":[{"href":"https:\/\/www.best-dentist-dentistry.com\/de\/wp-json\/wp\/v2\/types\/post"}],"author":[{"embeddable":true,"href":"https:\/\/www.best-dentist-dentistry.com\/de\/wp-json\/wp\/v2\/users\/1"}],"replies":[{"embeddable":true,"href":"https:\/\/www.best-dentist-dentistry.com\/de\/wp-json\/wp\/v2\/comments?post=22112"}],"version-history":[{"count":0,"href":"https:\/\/www.best-dentist-dentistry.com\/de\/wp-json\/wp\/v2\/posts\/22112\/revisions"}],"wp:attachment":[{"href":"https:\/\/www.best-dentist-dentistry.com\/de\/wp-json\/wp\/v2\/media?parent=22112"}],"wp:term":[{"taxonomy":"category","embeddable":true,"href":"https:\/\/www.best-dentist-dentistry.com\/de\/wp-json\/wp\/v2\/categories?post=22112"},{"taxonomy":"post_tag","embeddable":true,"href":"https:\/\/www.best-dentist-dentistry.com\/de\/wp-json\/wp\/v2\/tags?post=22112"}],"curies":[{"name":"wp","href":"https:\/\/api.w.org\/{rel}","templated":true}]}}