{"id":22210,"date":"2012-10-27T02:42:35","date_gmt":"2012-10-27T02:42:35","guid":{"rendered":null},"modified":"-0001-11-30T00:00:00","modified_gmt":"-0001-11-30T00:00:00","slug":"the-chancellor-of-ecuador-says-reinvents-itself-and-the-oas-or-oas-will-disappear","status":"publish","type":"post","link":"https:\/\/www.best-dentist-dentistry.com\/de\/the-chancellor-of-ecuador-says-reinvents-itself-and-the-oas-or-oas-will-disappear\/22210","title":{"rendered":"the chancellor of ecuador says reinvents itself and the oas or oas will disappear"},"content":{"rendered":"<p class=\"first\"> <span class=\"yshortcuts\" id=\"lw_1338771163_7\"> Cochabamba<\/span> (Bolivien), 3 jun (EFE).-<span class=\"yshortcuts\" id=\"lw_1338771163_2\"> The Ecuadors Au\u00dfenminister<\/span>, <span class=\"yshortcuts\" id=\"lw_1338771163_1\"> Ricardo Pati\u00f1o<\/span>, sagte heute, dass o OAS erfindet sich neu, oder verschwinden, und best\u00e4tigt, dass ihr Pr\u00e4sident, Rafael Correa, morgen in Bolivien, der 42. Versammlung des K\u00f6rpers, die System\u00e4nderungen Interamerikanischen Menschenrechte verteidigen wird.<\/p>\n<p>&#8220;Die OAS erfindet sich neu, oder die OAS verschwinden.&#8221; &#8220;Hat keine andere M\u00f6glichkeit&#8221;, erkl\u00e4rte Pati\u00f1o, durchschnittliche Bolivianer w\u00e4hrend der Einweihung eines Sozialforums von Pr\u00e4sident Evo Morales in der zentralen Stadt Cochabamba, Sitz der Versammlung.<\/p>\n<p>&#8220;Mit progressiven Regierungen in Lateinamerika gibt es die OAS weiterhin nicht m\u00f6glich.&#8221; &#8220;Zu sein Verschwinden bestimmt ist, es sei denn, oder bis Sie ihre Neuerfindung akzeptieren&#8221; hinzugef\u00fcgt.<\/p>\n<p>G\u00fcrtel beabsichtigt, diese Stadt in den fr\u00fchen Morgenstunden des Montag, nach Einladung von Morales erreichen.<\/p>\n<p>&#8220;Die Werteskala der OAS hat anders definiert werden und das ist, was wir gefordert haben,&#8221; sagt Pati\u00f1o.<\/p>\n<p>Betont die Unterschiede zwischen &#8220;Millionen Dollar&#8221;, die der Berichterstatter zugewiesen sind, die freie Meinungs\u00e4u\u00dferung verteidigt &#8220;das ist wirklich in der Verteidigung einige Medien&#8221;, und eine Kommission, die f\u00fcr indigene Fragen ber\u00fchrt, die &#8220;$ 20.000&#8221; hat.<\/p>\n<p>Bestand darauf, dass &#8220;sozialen, wirtschaftlichen, fundamentale&#8221; Rechte der Gesellschaft und der Gemeinschaften, wie im Zusammenhang mit Bildung, Gesundheit oder soziale Eingliederung, nicht in das Interamerikanische System der Menschenrechte vertreten sind.<\/p>\n<p>&#8220;Jeder wei\u00df, was kann passieren, wenn ein Fall in Ihrem Haus nicht.&#8221; &#8220;In der Regel verl\u00e4sst das Haus&#8221;, warnte Patino konsultiert werden, was passieren wird, wenn die Nachfrage nach Ecuador in der OAS nicht angenommen wird.<\/p>\n","protected":false},"excerpt":{"rendered":"<p>Cochabamba (Bolivien), 3 jun (EFE).- The Ecuadors Au\u00dfenminister, Ricardo Pati\u00f1o, sagte heute, dass o OAS erfindet sich neu, oder verschwinden, und best\u00e4tigt, dass ihr Pr\u00e4sident, Rafael Correa, morgen in Bolivien, der 42. Versammlung des K\u00f6rpers, die System\u00e4nderungen Interamerikanischen Menschenrechte verteidigen wird. &#8220;Die OAS erfindet sich neu, oder die OAS verschwinden.&#8221; &#8220;Hat keine andere M\u00f6glichkeit&#8221;, erkl\u00e4rte [&hellip;]<\/p>\n","protected":false},"author":1,"featured_media":0,"comment_status":"close","ping_status":"open","sticky":false,"template":"","format":"standard","meta":{"footnotes":""},"categories":[3],"tags":[],"class_list":["post-22210","post","type-post","status-publish","format-standard","hentry","category-allgemeine","et-doesnt-have-format-content","et_post_format-et-post-format-standard"],"_links":{"self":[{"href":"https:\/\/www.best-dentist-dentistry.com\/de\/wp-json\/wp\/v2\/posts\/22210","targetHints":{"allow":["GET"]}}],"collection":[{"href":"https:\/\/www.best-dentist-dentistry.com\/de\/wp-json\/wp\/v2\/posts"}],"about":[{"href":"https:\/\/www.best-dentist-dentistry.com\/de\/wp-json\/wp\/v2\/types\/post"}],"author":[{"embeddable":true,"href":"https:\/\/www.best-dentist-dentistry.com\/de\/wp-json\/wp\/v2\/users\/1"}],"replies":[{"embeddable":true,"href":"https:\/\/www.best-dentist-dentistry.com\/de\/wp-json\/wp\/v2\/comments?post=22210"}],"version-history":[{"count":0,"href":"https:\/\/www.best-dentist-dentistry.com\/de\/wp-json\/wp\/v2\/posts\/22210\/revisions"}],"wp:attachment":[{"href":"https:\/\/www.best-dentist-dentistry.com\/de\/wp-json\/wp\/v2\/media?parent=22210"}],"wp:term":[{"taxonomy":"category","embeddable":true,"href":"https:\/\/www.best-dentist-dentistry.com\/de\/wp-json\/wp\/v2\/categories?post=22210"},{"taxonomy":"post_tag","embeddable":true,"href":"https:\/\/www.best-dentist-dentistry.com\/de\/wp-json\/wp\/v2\/tags?post=22210"}],"curies":[{"name":"wp","href":"https:\/\/api.w.org\/{rel}","templated":true}]}}