{"id":22261,"date":"2012-10-28T02:24:33","date_gmt":"2012-10-28T02:24:33","guid":{"rendered":null},"modified":"-0001-11-30T00:00:00","modified_gmt":"-0001-11-30T00:00:00","slug":"fire-affects-more-than-700-acres-in-a-natural-park-in-spain","status":"publish","type":"post","link":"https:\/\/www.best-dentist-dentistry.com\/de\/fire-affects-more-than-700-acres-in-a-natural-park-in-spain\/22261","title":{"rendered":"fire affects more than 700 acres in a natural park in spain"},"content":{"rendered":"<p class=\"first\"> Santiago De Compostela (Spanien), 1 Apr (EFE).-ein Feuer an diesem Samstag in der spanischen Region Galicien (Nordwesten) ausgewirkt hat bisher \u00fcber 700 Hektar Naturpark von hohem \u00f6kologischen Wert, regionale Regierungsquellen berichtet heute, Efe.<\/p>\n<p>Von 700 betroffenen Hektar, etwa 500 sind Wald, nach Quellen.<\/p>\n<p>Das Feuer im Naturpark des Fragas Do Eume, in der Gemeinde A Capela, bleibt aktiv mit einem Warnstufe 1, der h\u00f6chsten, durch die N\u00e4he der Flammen zu H\u00e4usern.<\/p>\n<p>The Mayor of A Capela, Manuel Meizoso, jedoch in Anweisungen zu einem lokalen Radiosender sichergestellt, dass etwa 2.000 Hektar bereits von Flammen verschlungen hatte.<\/p>\n<p>Insgesamt 224 Soldaten der milit\u00e4rischen Notfall Einheit (EMU) arbeiten in die Ausl\u00f6schung des Feuers zusammen mit zwanzig Wald-Brigaden, die Unterst\u00fctzung der f\u00fcnf Hubschrauber und vier Flugzeugen haben, bedeutet, dass es werden im Laufe des Vormittags, nach Quellen der regionalen Regierung erh\u00f6hen werden.<\/p>\n<p>Some 200 Leute hatten am Samstag in mehrere D\u00f6rfer nahe dem Feuer ger\u00e4umt werden, die rasch durch den starken Wind angetrieben wurde die weht tags\u00fcber nicht stoppen und erschwert die Arbeit der Brigaden vom Aussterben bedroht.<\/p>\n<p>Feuerwehr Quellen Efe sagte, ob das Feuer &#8220;unter Kontrolle&#8221; ist, aber darauf hingewiesen, dass das Feuer in mehrere Strahler unterteilt wurde.<\/p>\n<p>Der regionalen Pr\u00e4sidenten Galiciens, Alberto N\u00fa\u00f1ez Feij\u00f3o, besucht heute die Gemeinden, die von dem Feuer betroffen.<\/p>\n<p>Verschiedene Quellen haben best\u00e4tigt, dass das Feuer Naturpark Eume, eine gesch\u00fctzte atlantischen Regenwaldes stark beeintr\u00e4chtigt hat, die auf einer Fl\u00e4che von etwa 9.000 Hektar und einer der meist besuchten Teile des Gebietes in das Becken des Flusses Eume erweitert.<\/p>\n<p>Der spanischen Guardia Civil h\u00e4lt Schnitt seit gestern die Zug\u00e4nge zum Park und er wurde im Kloster Caaveiro, ein Kloster aus dem 12. Jahrhundert auf einem H\u00fcgel im Wald, hatte vor kurzem rehabilitiert worden und das war einer der spektakul\u00e4rsten Orte Galicien, entfernt.<\/p>\n<p>The State Meteorological Agency erwartet nicht nur Regen in den n\u00e4chsten Stunden in der Gegend.<\/p>\n<p>Auf der anderen Seite wurden bereits kontrollierten drei Br\u00e4nde in der Region, die insgesamt mehr als 130 Hektar Berg, gegl\u00fcht haben, w\u00e4hrend ein Viertel, die bereits \u00fcber 20 Hektar gefegt hat aktiv bleibt.<\/p>\n<p>Truppen der milit\u00e4rischen Einheit Ausnahmezustand (EMU) wurden in die Arbeit des Feuers in der Gemeinde Coru\u00f1a A Capela (Spanien) eingearbeitet. EFE<\/p>\n","protected":false},"excerpt":{"rendered":"<p>Santiago De Compostela (Spanien), 1 Apr (EFE).-ein Feuer an diesem Samstag in der spanischen Region Galicien (Nordwesten) ausgewirkt hat bisher \u00fcber 700 Hektar Naturpark von hohem \u00f6kologischen Wert, regionale Regierungsquellen berichtet heute, Efe. Von 700 betroffenen Hektar, etwa 500 sind Wald, nach Quellen. Das Feuer im Naturpark des Fragas Do Eume, in der Gemeinde A [&hellip;]<\/p>\n","protected":false},"author":1,"featured_media":0,"comment_status":"close","ping_status":"open","sticky":false,"template":"","format":"standard","meta":{"footnotes":""},"categories":[3],"tags":[],"class_list":["post-22261","post","type-post","status-publish","format-standard","hentry","category-allgemeine","et-doesnt-have-format-content","et_post_format-et-post-format-standard"],"_links":{"self":[{"href":"https:\/\/www.best-dentist-dentistry.com\/de\/wp-json\/wp\/v2\/posts\/22261","targetHints":{"allow":["GET"]}}],"collection":[{"href":"https:\/\/www.best-dentist-dentistry.com\/de\/wp-json\/wp\/v2\/posts"}],"about":[{"href":"https:\/\/www.best-dentist-dentistry.com\/de\/wp-json\/wp\/v2\/types\/post"}],"author":[{"embeddable":true,"href":"https:\/\/www.best-dentist-dentistry.com\/de\/wp-json\/wp\/v2\/users\/1"}],"replies":[{"embeddable":true,"href":"https:\/\/www.best-dentist-dentistry.com\/de\/wp-json\/wp\/v2\/comments?post=22261"}],"version-history":[{"count":0,"href":"https:\/\/www.best-dentist-dentistry.com\/de\/wp-json\/wp\/v2\/posts\/22261\/revisions"}],"wp:attachment":[{"href":"https:\/\/www.best-dentist-dentistry.com\/de\/wp-json\/wp\/v2\/media?parent=22261"}],"wp:term":[{"taxonomy":"category","embeddable":true,"href":"https:\/\/www.best-dentist-dentistry.com\/de\/wp-json\/wp\/v2\/categories?post=22261"},{"taxonomy":"post_tag","embeddable":true,"href":"https:\/\/www.best-dentist-dentistry.com\/de\/wp-json\/wp\/v2\/tags?post=22261"}],"curies":[{"name":"wp","href":"https:\/\/api.w.org\/{rel}","templated":true}]}}