{"id":22322,"date":"2012-10-28T02:33:34","date_gmt":"2012-10-28T02:33:34","guid":{"rendered":null},"modified":"-0001-11-30T00:00:00","modified_gmt":"-0001-11-30T00:00:00","slug":"greenpeace-flies-over-a-nuclear-power-plant-gala-to-show-their-vulnerability","status":"publish","type":"post","link":"https:\/\/www.best-dentist-dentistry.com\/de\/greenpeace-flies-over-a-nuclear-power-plant-gala-to-show-their-vulnerability\/22322","title":{"rendered":"greenpeace flies over a nuclear power plant gala to show their vulnerability"},"content":{"rendered":"<p class=\"first\"> Paris, 2. Mai (<span class=\"yshortcuts\" id=\"lw_1335949111_0\"> EFE<\/span>).-Mitglied der <span class=\"yshortcuts\" id=\"lw_1335949111_2\"> Umweltsch\u00fctzer Gruppe<\/span> <span class=\"yshortcuts\" id=\"lw_1335949111_1\"> Greenpeace<\/span> flog \u00fcber heute in einen Hang Glider angetrieben das <span class=\"yshortcuts\" id=\"lw_1335949111_5\"> Kernkraftwerk<\/span> der Bugel, 30 Kilometer von Lyon (S\u00fcdosten), um die Verwundbarkeit der Ausstattung Franz\u00f6sisch dieser Art gegen eine m\u00f6gliche Luftangriff anzuzeigen sagte die Organisation in einer Erkl\u00e4rung.<\/p>\n<p>Vier Tage der zweiten und letzten Runde der <span class=\"yshortcuts\" id=\"lw_1335949111_3\"> Wahlen in Frankreich<\/span>, die Organisation die nukleare Debatte in Kampagne setzen wollte und daher eingegangen im laufenden Betrieb der zentralen Zone, einen Topf mit Rauch auf einer der Reaktoren platziert und landeten innerhalb der Einrichtung entsprechend der Umweltgruppe.<\/p>\n<p>&#8220;Greenpeace appelliert an zwei Kandidaten Finalisten zu verpflichten, um die Bewertung der Risiken eine ausl\u00e4ndische Aggression menschlichen Ursprungs&#8221; in einem nuklearen Verbindung, sagte in der Erkl\u00e4rung die Umweltsch\u00fctzer-Gruppe, die Auffassung vertreten, dass &#8220;in einem Welt-Post 9\/11, dieses Risiko ernsthaft gepr\u00fcft werden sollte&#8221;.<\/p>\n<p>Das japanische Werk &#8220;zeigte Fukushima uns, dass auch die unwahrscheinliche auftreten kann,&#8221; sagte eine der nuklearen Fragen der Organisation, <span class=\"yshortcuts\" id=\"lw_1335949111_4\"> Sophia Majnoni<\/span>, wer verlangt, dass Sie nicht dieses Problem &#8220;abgesehen von der Sicherheits des franz\u00f6sischen&#8221; ignorieren.<\/p>\n<p>Der Gruppe geh\u00f6rten auch eine Video mit Aufnahmen im November, in dem eine Maschine mit einer Kamera \u00fcber die Kl\u00e4ranlage von la Hague in der Normandie, Nordwesten ausger\u00fcstet von Frankreich, Kernbrennstoff auf die Leichtigkeit zu bestehen, mit denen die Sicherheitssysteme der Anlage vermieden werden k\u00f6nnen.<\/p>\n<p>&#8220;Wir wollen unsere Kandidaten darauf achten, da\u00df es keine sicheren Kernkraftwerk zu hundert Prozent,&#8221; sagte die Organisation.<\/p>\n<p>Der militante Gruppe, die das zentrale eingegeben und ein weiterer Aktivist wurden anschlie\u00dfend von der Gendarmerie verhaftet.<\/p>\n<p>Verweigert EDF, Eigent\u00fcmer der Anlage, in einer Anweisung, die die Intervention der \u00f6kologischen Gruppe keine Gefahr f\u00fcr die Sicherheit seiner Einrichtungen gef\u00fchrt hat. EFE<\/p>\n","protected":false},"excerpt":{"rendered":"<p>Paris, 2. Mai ( EFE).-Mitglied der Umweltsch\u00fctzer Gruppe Greenpeace flog \u00fcber heute in einen Hang Glider angetrieben das Kernkraftwerk der Bugel, 30 Kilometer von Lyon (S\u00fcdosten), um die Verwundbarkeit der Ausstattung Franz\u00f6sisch dieser Art gegen eine m\u00f6gliche Luftangriff anzuzeigen sagte die Organisation in einer Erkl\u00e4rung. Vier Tage der zweiten und letzten Runde der Wahlen in [&hellip;]<\/p>\n","protected":false},"author":1,"featured_media":0,"comment_status":"close","ping_status":"open","sticky":false,"template":"","format":"standard","meta":{"footnotes":""},"categories":[3],"tags":[],"class_list":["post-22322","post","type-post","status-publish","format-standard","hentry","category-allgemeine","et-doesnt-have-format-content","et_post_format-et-post-format-standard"],"_links":{"self":[{"href":"https:\/\/www.best-dentist-dentistry.com\/de\/wp-json\/wp\/v2\/posts\/22322","targetHints":{"allow":["GET"]}}],"collection":[{"href":"https:\/\/www.best-dentist-dentistry.com\/de\/wp-json\/wp\/v2\/posts"}],"about":[{"href":"https:\/\/www.best-dentist-dentistry.com\/de\/wp-json\/wp\/v2\/types\/post"}],"author":[{"embeddable":true,"href":"https:\/\/www.best-dentist-dentistry.com\/de\/wp-json\/wp\/v2\/users\/1"}],"replies":[{"embeddable":true,"href":"https:\/\/www.best-dentist-dentistry.com\/de\/wp-json\/wp\/v2\/comments?post=22322"}],"version-history":[{"count":0,"href":"https:\/\/www.best-dentist-dentistry.com\/de\/wp-json\/wp\/v2\/posts\/22322\/revisions"}],"wp:attachment":[{"href":"https:\/\/www.best-dentist-dentistry.com\/de\/wp-json\/wp\/v2\/media?parent=22322"}],"wp:term":[{"taxonomy":"category","embeddable":true,"href":"https:\/\/www.best-dentist-dentistry.com\/de\/wp-json\/wp\/v2\/categories?post=22322"},{"taxonomy":"post_tag","embeddable":true,"href":"https:\/\/www.best-dentist-dentistry.com\/de\/wp-json\/wp\/v2\/tags?post=22322"}],"curies":[{"name":"wp","href":"https:\/\/api.w.org\/{rel}","templated":true}]}}